{"id":19210,"date":"2026-01-14T10:00:00","date_gmt":"2026-01-14T10:00:00","guid":{"rendered":"https:\/\/youthdemocracycohort.com\/?p=19210"},"modified":"2026-01-20T09:23:29","modified_gmt":"2026-01-20T09:23:29","slug":"resolutions-de-la-ydc-pour-2026","status":"publish","type":"post","link":"https:\/\/youthdemocracycohort.com\/fr\/resolutions-de-la-ydc-pour-2026\/","title":{"rendered":"Une nouvelle ann\u00e9e, engagement renforc\u00e9 : Les r\u00e9solutions de la Cohorte D\u00e9mocratie &amp; Jeunesse pour 2026"},"content":{"rendered":"<p class=\"has-background\" style=\"background-color:#ffde59\">Alors que nous entrons dans une ann&eacute;e charni&egrave;re pour la d&eacute;mocratie dans le monde, la Cohorte D&eacute;mocratie &amp; Jeunesse r&eacute;affirme sa mission : <strong>veiller &agrave; ce que les jeunes ne soient pas seulement inclus dans la vie politique et civique, mais qu&rsquo;ils y soient v&eacute;ritablement habilit&eacute;s.<\/strong> Gr&acirc;ce &agrave; nos partenariats croissants &agrave; travers diff&eacute;rentes r&eacute;gions et secteurs, nous sommes mieux plac&eacute;s que jamais pour faire avancer cet agenda. Cette ann&eacute;e, nous nous engageons &agrave; prendre quatre r&eacute;solutions concr&egrave;tes qui refl&egrave;tent &agrave; la fois les r&eacute;alit&eacute;s auxquelles les jeunes sont confront&eacute;s et la force collective de notre r&eacute;seau. <\/p>\n\n<h6 class=\"wp-block-heading has-background\" style=\"background-color:#ffde59\"><strong>1. &Eacute;largir la repr&eacute;sentation des jeunes<\/strong><\/h6>\n\n<p>Les jeunes des r&eacute;gions sous-repr&eacute;sent&eacute;es, des zones rurales et des communaut&eacute;s marginalis&eacute;es restent syst&eacute;matiquement exclus des discussions politiques. La YDC continuera d&rsquo;&eacute;tendre sa port&eacute;e et ses structures de soutien pour s&rsquo;assurer que ces voix, souvent les plus touch&eacute;es par l&rsquo;&eacute;rosion d&eacute;mocratique, fa&ccedil;onnent les d&eacute;cisions qui ont un impact sur leur vie. La repr&eacute;sentation doit refl&eacute;ter la r&eacute;alit&eacute; et non les privil&egrave;ges.  <\/p>\n\n<h6 class=\"wp-block-heading has-background\" style=\"background-color:#ffde59\"><strong>2. Lier la participation au changement de politique <\/strong><\/h6>\n\n<p>La participation des jeunes ne peut s&rsquo;arr&ecirc;ter &agrave; la consultation. En 2026, nous visons &agrave; approfondir les m&eacute;canismes d&rsquo;engagement afin que les contributions des jeunes aient une influence mesurable sur les politiques et les programmes. Avec nos partenaires, nous ferons pression en faveur de mod&egrave;les de participation qui garantissent le suivi, la responsabilit&eacute; et un pouvoir de d&eacute;cision significatif.  <\/p>\n\n<h6 class=\"wp-block-heading has-background\" style=\"background-color:#ffde59\"><strong>3. Souligner l&rsquo;impact mondial de la jeunesse<\/strong><\/h6>\n\n<p>Trop souvent, le leadership des jeunes reste invisible. En diffusant davantage d&rsquo;histoires de jeunes acteurs du changement, &agrave; travers les continents, les disciplines et les mouvements, nous mettrons en &eacute;vidence l&rsquo;impact r&eacute;el que les jeunes ont d&eacute;j&agrave; r&eacute;alis&eacute;. Ces histoires ne sont pas seulement une source d&rsquo;inspiration ; elles prouvent que l&rsquo;investissement dans la participation des jeunes donne des r&eacute;sultats tangibles.  <\/p>\n\n<h6 class=\"wp-block-heading has-background\" style=\"background-color:#ffde59\"><strong>4. Renforcer les liens entre les gouvernements, les OSC et les jeunes<\/strong><\/h6>\n\n<p>Un changement d&eacute;mocratique durable n&eacute;cessite une collaboration. Cette ann&eacute;e, la YDC continuera &agrave; renforcer les partenariats avec les gouvernements, les organisations de la soci&eacute;t&eacute; civile et les groupes de jeunes afin de cr&eacute;er des espaces communs de confiance et d&rsquo;action. La participation effective des jeunes d&eacute;pend d&rsquo;institutions qui &eacute;coutent, r&eacute;pondent et travaillent avec les jeunes en tant que partenaires &eacute;gaux.  <\/p>\n\n<h6 class=\"wp-block-heading has-background\" style=\"background-color:#ffde59\"><strong>5. La participation des jeunes n&rsquo;est pas une case &agrave; cocher<\/strong><\/h6>\n\n<p>C&rsquo;est la co-cr&eacute;ation, la co-d&eacute;cision et la co-propri&eacute;t&eacute; de l&rsquo;impact. Les jeunes doivent &ecirc;tre habilit&eacute;s non seulement &agrave; s&rsquo;exprimer, mais aussi &agrave; fa&ccedil;onner le travail et les r&eacute;sultats &agrave; nos c&ocirc;t&eacute;s. Laissez les jeunes s&rsquo;exprimer et agir.  <\/p>\n\n<h6 class=\"wp-block-heading has-background\" style=\"background-color:#ffde59\"><strong>6. En 2026, la participation des jeunes signifie plus qu&rsquo;&ecirc;tre entendu<\/strong><\/h6>\n\n<p>Cela signifie une participation active au changement. Pour l&rsquo;avenir, notre ambition est de faire en sorte que les jeunes ne soient pas des observateurs passifs ou des contributeurs symboliques, mais des acteurs centraux de la transformation d&eacute;mocratique dans leurs communaut&eacute;s et au-del&agrave;. <\/p>\n","protected":false},"excerpt":{"rendered":"<p>Alors que nous entrons dans une ann&eacute;e charni&egrave;re pour la d&eacute;mocratie dans le monde, la Cohorte D&eacute;mocratie &amp; Jeunesse r&eacute;affirme sa mission : veiller &agrave; ce que les jeunes ne soient pas seulement inclus dans la vie politique et civique, mais qu&rsquo;ils y soient v&eacute;ritablement habilit&eacute;s. Gr&acirc;ce [&hellip;]<\/p>\n","protected":false},"author":9,"featured_media":19187,"comment_status":"closed","ping_status":"open","sticky":false,"template":"","format":"standard","meta":{"_acf_changed":false,"inline_featured_image":false,"_monsterinsights_skip_tracking":false,"_monsterinsights_sitenote_active":false,"_monsterinsights_sitenote_note":"","_monsterinsights_sitenote_category":0,"_jetpack_memberships_contains_paid_content":false,"footnotes":""},"categories":[279],"tags":[],"class_list":["post-19210","post","type-post","status-publish","format-standard","has-post-thumbnail","hentry","category-actualites"],"acf":[],"aioseo_notices":[],"jetpack_featured_media_url":"https:\/\/youthdemocracycohort.com\/wp-content\/uploads\/2026\/01\/Web-Banner-scaled.png","jetpack_sharing_enabled":true,"_links":{"self":[{"href":"https:\/\/youthdemocracycohort.com\/fr\/wp-json\/wp\/v2\/posts\/19210","targetHints":{"allow":["GET"]}}],"collection":[{"href":"https:\/\/youthdemocracycohort.com\/fr\/wp-json\/wp\/v2\/posts"}],"about":[{"href":"https:\/\/youthdemocracycohort.com\/fr\/wp-json\/wp\/v2\/types\/post"}],"author":[{"embeddable":true,"href":"https:\/\/youthdemocracycohort.com\/fr\/wp-json\/wp\/v2\/users\/9"}],"replies":[{"embeddable":true,"href":"https:\/\/youthdemocracycohort.com\/fr\/wp-json\/wp\/v2\/comments?post=19210"}],"version-history":[{"count":2,"href":"https:\/\/youthdemocracycohort.com\/fr\/wp-json\/wp\/v2\/posts\/19210\/revisions"}],"predecessor-version":[{"id":19246,"href":"https:\/\/youthdemocracycohort.com\/fr\/wp-json\/wp\/v2\/posts\/19210\/revisions\/19246"}],"wp:featuredmedia":[{"embeddable":true,"href":"https:\/\/youthdemocracycohort.com\/fr\/wp-json\/wp\/v2\/media\/19187"}],"wp:attachment":[{"href":"https:\/\/youthdemocracycohort.com\/fr\/wp-json\/wp\/v2\/media?parent=19210"}],"wp:term":[{"taxonomy":"category","embeddable":true,"href":"https:\/\/youthdemocracycohort.com\/fr\/wp-json\/wp\/v2\/categories?post=19210"},{"taxonomy":"post_tag","embeddable":true,"href":"https:\/\/youthdemocracycohort.com\/fr\/wp-json\/wp\/v2\/tags?post=19210"}],"curies":[{"name":"wp","href":"https:\/\/api.w.org\/{rel}","templated":true}]}}