{"id":16245,"date":"2025-08-21T07:34:38","date_gmt":"2025-08-21T07:34:38","guid":{"rendered":"https:\/\/youthdemocracycohort.com\/?post_type=storiesprojects&#038;p=16245"},"modified":"2025-08-28T08:58:15","modified_gmt":"2025-08-28T08:58:15","slug":"talk-paix-medias-et-citoyens-au-service-de-la-paix-au-cameroun","status":"publish","type":"storiesprojects","link":"https:\/\/youthdemocracycohort.com\/fr\/stories\/talk-paix-medias-et-citoyens-au-service-de-la-paix-au-cameroun\/","title":{"rendered":"TALK PAIX : m\u00e9dias et citoyens au service de la paix au Cameroun"},"content":{"rendered":"\n<p><\/p>\n\n\n\n<p><\/p>\n\n\n\n<h3 class=\"wp-block-heading\">Des m\u00e9dias professionnels et engag\u00e9s aux c\u00f4t\u00e9s de la soci\u00e9t\u00e9 civile, en faveur de la stabilit\u00e9 et la coh\u00e9sion sociale au Cameroun<\/h3>\n\n\n\n<p class=\"has-medium-font-size\" style=\"font-style:normal;font-weight:300\"><\/p>\n\n\n\n<div class=\"wp-block-columns has-background is-layout-flex wp-container-core-columns-is-layout-9d6595d7 wp-block-columns-is-layout-flex\" style=\"background-color:#ffffff\">\n<div class=\"wp-block-column has-background is-layout-flow wp-block-column-is-layout-flow\" style=\"background-color:#ffffff;flex-basis:1100px\">\n<div class=\"wp-block-columns is-layout-flex wp-container-core-columns-is-layout-9d6595d7 wp-block-columns-is-layout-flex\">\n<div class=\"wp-block-column is-layout-flow wp-block-column-is-layout-flow\"><\/div>\n\n\n\n<div class=\"wp-block-column is-layout-flow wp-block-column-is-layout-flow\" style=\"flex-basis:650px\">\n<div class=\"wp-block-columns is-layout-flex wp-container-core-columns-is-layout-9d6595d7 wp-block-columns-is-layout-flex\">\n<div class=\"wp-block-column is-layout-flow wp-block-column-is-layout-flow\"><div class=\"wp-block-image\">\n<figure class=\"aligncenter size-full is-resized\"><img loading=\"lazy\" decoding=\"async\" width=\"365\" height=\"366\" src=\"https:\/\/youthdemocracycohort.com\/wp-content\/uploads\/2023\/08\/20a44497-3c9f-44b6-b4d6-588622d2920c.png\" alt=\"Place\" class=\"wp-image-3663\" style=\"aspect-ratio:1.0429447852760736;width:50px;height:auto\" srcset=\"https:\/\/youthdemocracycohort.com\/wp-content\/uploads\/2023\/08\/20a44497-3c9f-44b6-b4d6-588622d2920c.png 365w, https:\/\/youthdemocracycohort.com\/wp-content\/uploads\/2023\/08\/20a44497-3c9f-44b6-b4d6-588622d2920c-322x322.png 322w, https:\/\/youthdemocracycohort.com\/wp-content\/uploads\/2023\/08\/20a44497-3c9f-44b6-b4d6-588622d2920c-161x161.png 161w\" sizes=\"auto, (max-width: 365px) 100vw, 365px\" \/><\/figure>\n<\/div>\n\n\n<div style=\"height:15px\" aria-hidden=\"true\" class=\"wp-block-spacer\"><\/div>\n\n\n\n<p class=\"has-text-align-center has-medium-font-size\">Cameroon<\/p>\n<\/div>\n\n\n\n<div class=\"wp-block-column is-vertically-aligned-top is-layout-flow wp-block-column-is-layout-flow\"><div class=\"wp-block-image\">\n<figure class=\"aligncenter size-full is-resized\"><img loading=\"lazy\" decoding=\"async\" width=\"373\" height=\"371\" src=\"https:\/\/youthdemocracycohort.com\/wp-content\/uploads\/2023\/10\/ee74041d-c718-41ed-9c9f-136b61fbbdc4.png\" alt=\"Implemented by\" class=\"wp-image-3678\" style=\"aspect-ratio:1.005390835579515;object-fit:cover;width:50px\" srcset=\"https:\/\/youthdemocracycohort.com\/wp-content\/uploads\/2023\/10\/ee74041d-c718-41ed-9c9f-136b61fbbdc4.png 373w, https:\/\/youthdemocracycohort.com\/wp-content\/uploads\/2023\/10\/ee74041d-c718-41ed-9c9f-136b61fbbdc4-322x320.png 322w, https:\/\/youthdemocracycohort.com\/wp-content\/uploads\/2023\/10\/ee74041d-c718-41ed-9c9f-136b61fbbdc4-161x161.png 161w\" sizes=\"auto, (max-width: 373px) 100vw, 373px\" \/><\/figure>\n<\/div>\n\n\n<div style=\"height:15px\" aria-hidden=\"true\" class=\"wp-block-spacer\"><\/div>\n\n\n<div class=\"wp-block-image\">\n<figure class=\"aligncenter size-full\"><img loading=\"lazy\" decoding=\"async\" width=\"1080\" height=\"594\" src=\"https:\/\/youthdemocracycohort.com\/wp-content\/uploads\/2025\/08\/Untitled-design.svg\" alt=\"Fondation Conseil Jeune\" class=\"wp-image-16306\" style=\"aspect-ratio:4.372093023255814\"\/><\/figure>\n<\/div><\/div>\n\n\n\n<div class=\"wp-block-column is-layout-flow wp-block-column-is-layout-flow\"><div class=\"wp-block-image\">\n<figure class=\"aligncenter size-full is-resized\"><img loading=\"lazy\" decoding=\"async\" width=\"374\" height=\"367\" src=\"https:\/\/youthdemocracycohort.com\/wp-content\/uploads\/2023\/10\/a7139f12-2eb1-4c70-9b36-02973c958559.png\" alt=\"Powered by\" class=\"wp-image-3680\" style=\"width:50px\" srcset=\"https:\/\/youthdemocracycohort.com\/wp-content\/uploads\/2023\/10\/a7139f12-2eb1-4c70-9b36-02973c958559.png 374w, https:\/\/youthdemocracycohort.com\/wp-content\/uploads\/2023\/10\/a7139f12-2eb1-4c70-9b36-02973c958559-322x316.png 322w, https:\/\/youthdemocracycohort.com\/wp-content\/uploads\/2023\/10\/a7139f12-2eb1-4c70-9b36-02973c958559-161x158.png 161w\" sizes=\"auto, (max-width: 374px) 100vw, 374px\" \/><\/figure>\n<\/div>\n\n\n<div style=\"height:15px\" aria-hidden=\"true\" class=\"wp-block-spacer\"><\/div>\n\n\n\n<figure class=\"wp-block-image size-full is-resized\"><img loading=\"lazy\" decoding=\"async\" width=\"468\" height=\"159\" src=\"https:\/\/youthdemocracycohort.com\/wp-content\/uploads\/2025\/08\/logo-1.svg\" alt=\"CFI d\u00e9veloppement m\u00e9dias\" class=\"wp-image-16284\" style=\"width:140px;height:auto\"\/><\/figure>\n<\/div>\n<\/div>\n<\/div>\n\n\n\n<div class=\"wp-block-column is-layout-flow wp-block-column-is-layout-flow\"><\/div>\n<\/div>\n\n\n\n<h2 class=\"wp-block-heading has-text-align-center has-dark-blue-color has-text-color\"><strong>ABSTRACT<\/strong><\/h2>\n\n\n<div class=\"wp-block-image\">\n<figure class=\"aligncenter size-full is-resized\"><img loading=\"lazy\" decoding=\"async\" width=\"1000\" height=\"58\" src=\"https:\/\/youthdemocracycohort.com\/wp-content\/uploads\/2023\/08\/4da59f16-745e-4b15-87c9-c262d2bdca92.png\" alt=\"Abstract graphic handbook stories\" class=\"wp-image-3021\" style=\"object-fit:cover;width:500px;height:30px\" srcset=\"https:\/\/youthdemocracycohort.com\/wp-content\/uploads\/2023\/08\/4da59f16-745e-4b15-87c9-c262d2bdca92.png 1000w, https:\/\/youthdemocracycohort.com\/wp-content\/uploads\/2023\/08\/4da59f16-745e-4b15-87c9-c262d2bdca92-322x19.png 322w, https:\/\/youthdemocracycohort.com\/wp-content\/uploads\/2023\/08\/4da59f16-745e-4b15-87c9-c262d2bdca92-161x9.png 161w, https:\/\/youthdemocracycohort.com\/wp-content\/uploads\/2023\/08\/4da59f16-745e-4b15-87c9-c262d2bdca92-768x45.png 768w\" sizes=\"auto, (max-width: 1000px) 100vw, 1000px\" \/><\/figure>\n<\/div>\n\n\n<div class=\"wp-block-columns has-background is-layout-flex wp-container-core-columns-is-layout-9d6595d7 wp-block-columns-is-layout-flex\" style=\"background-color:#ffde59\">\n<div class=\"wp-block-column is-layout-flow wp-block-column-is-layout-flow\"><\/div>\n\n\n\n<div class=\"wp-block-column is-layout-flow wp-block-column-is-layout-flow\" style=\"flex-basis:1000px\">\n<p>Le projet <strong>\u00ab\u00a0TALK PAIX\u00a0\u00bb<\/strong> se concentre sur le r\u00f4le des m\u00e9dias comme catalyseur du dialogue national, de la coh\u00e9sion sociale et de la stabilit\u00e9 au Cameroun. D\u2019autres secteurs sont \u00e9galement cibl\u00e9s, notamment ceux du dialogue concert\u00e9 pour la paix avec la soci\u00e9t\u00e9 civile et les autorit\u00e9s locales dans le cadre de la d\u00e9centralisation, la repr\u00e9sentation des femmes et les st\u00e9r\u00e9otypes sexistes v\u00e9hicul\u00e9s dans les contenus m\u00e9diatiques, et l\u2019implication des jeunes dans la r\u00e9duction des conflits \u00e0 travers leur pratique des r\u00e9seaux sociaux&nbsp;<\/p>\n<\/div>\n\n\n\n<div class=\"wp-block-column is-layout-flow wp-block-column-is-layout-flow\"><\/div>\n<\/div>\n\n\n\n<div style=\"height:25px\" aria-hidden=\"true\" class=\"wp-block-spacer\"><\/div>\n\n\n\n<h2 class=\"wp-block-heading has-text-align-center has-dark-blue-color has-text-color\"><strong>DESCRIPTION DU PROJET<\/strong><\/h2>\n\n\n<div class=\"wp-block-image\">\n<figure class=\"aligncenter size-full is-resized\"><a href=\"https:\/\/youthdemocracycohort.com\/wp-content\/uploads\/2023\/03\/YDC_Handbook_web.pdf\" target=\"_blank\" rel=\"noreferrer noopener\"><img loading=\"lazy\" decoding=\"async\" width=\"1000\" height=\"188\" src=\"https:\/\/youthdemocracycohort.com\/wp-content\/uploads\/2023\/08\/46ee6048-7c8c-414c-98a7-c57e401c6e9b.png\" alt=\"Programme description graphic\" class=\"wp-image-2904\" style=\"width:400px;height:undefinedpx\" srcset=\"https:\/\/youthdemocracycohort.com\/wp-content\/uploads\/2023\/08\/46ee6048-7c8c-414c-98a7-c57e401c6e9b.png 1000w, https:\/\/youthdemocracycohort.com\/wp-content\/uploads\/2023\/08\/46ee6048-7c8c-414c-98a7-c57e401c6e9b-322x61.png 322w, https:\/\/youthdemocracycohort.com\/wp-content\/uploads\/2023\/08\/46ee6048-7c8c-414c-98a7-c57e401c6e9b-161x30.png 161w, https:\/\/youthdemocracycohort.com\/wp-content\/uploads\/2023\/08\/46ee6048-7c8c-414c-98a7-c57e401c6e9b-768x144.png 768w\" sizes=\"auto, (max-width: 1000px) 100vw, 1000px\" \/><\/a><\/figure>\n<\/div>\n\n\n<div class=\"wp-block-columns has-background is-layout-flex wp-container-core-columns-is-layout-9d6595d7 wp-block-columns-is-layout-flex\" style=\"background-color:#ffffff\">\n<div class=\"wp-block-column is-layout-flow wp-block-column-is-layout-flow\"><\/div>\n\n\n\n<div class=\"wp-block-column is-layout-flow wp-block-column-is-layout-flow\" style=\"flex-basis:1000px\">\n<div class=\"wp-block-columns is-layout-flex wp-container-core-columns-is-layout-9d6595d7 wp-block-columns-is-layout-flex\">\n<div class=\"wp-block-column is-layout-flow wp-block-column-is-layout-flow\">\n<p>Le projet \u00ab\u00a0TALK PAIX\u00a0\u00bb a \u00e9t\u00e9 lanc\u00e9 pour r\u00e9pondre \u00e0 une triple difficult\u00e9:&nbsp;<\/p>\n\n\n\n<ol class=\"wp-block-list\">\n<li>Le <strong>manque de capacit\u00e9 des m\u00e9dias \u00e0 fournir \u00e0 la population une information fiable, d\u00e9polaris\u00e9e et nuanc\u00e9e<\/strong> dans un contexte de crise multi-dimensionnelle affectant particuli\u00e8rement la zone Extr\u00eame Nord (bassin du lac Tchad) et les deux r\u00e9gions anglophones Nord-Ouest et du Sud-Ouest (NOSO);&nbsp;<br><\/li>\n\n\n\n<li>Leur <strong>manque de comp\u00e9tences et d\u2019exp\u00e9rience dans la production de programmes interactifs<\/strong>, produits en collaboration avec la soci\u00e9t\u00e9 civile, pour <strong>faciliter la participation citoyenne au d\u00e9bat public<\/strong>, notamment celle des femmes, et la promotion d\u2019un dialogue apais\u00e9 entre toutes les parties prenantes \u00e0 ce d\u00e9bat;&nbsp;<br><\/li>\n\n\n\n<li>Le <strong>manque de sensibilisation des jeunes<\/strong>, y compris celles et ceux qui sont membres d\u2019organisations de la soci\u00e9t\u00e9 civile actives en zone de crise, <strong>aux m\u00e9canismes de la d\u00e9sinformation<\/strong>, lequel les conduit encore trop souvent \u00e0 \u00eatre de mani\u00e8re involontaire des vecteurs de fausses&nbsp; informations et des relais de discours de haine et d\u2019exclusion sur les r\u00e9seaux sociaux.&nbsp;<\/li>\n<\/ol>\n\n\n\n<p>Co-construit avec deux organisations de la soci\u00e9t\u00e9 civile camerounaises, ce projet de 24 mois a d\u00e9but\u00e9 en juin 2022. Ses b\u00e9n\u00e9ficiaires principaux \u00e9taient une dizaine de m\u00e9dias de grande audience, des membres de la soci\u00e9t\u00e9 civile et des groupes de jeunes engag\u00e9s dans le d\u00e9bat public.<\/p>\n\n\n\n<p>Le projet s&rsquo;est articul\u00e9 autour de trois activit\u00e9s principales :<\/p>\n\n\n\n<ul class=\"wp-block-list\">\n<li><strong>Formation des journalistes<\/strong> \u00e0 la v\u00e9rification de l&rsquo;information et au journalisme sensible aux conflits, incluant le traitement des enjeux sp\u00e9cifiques au genre,&nbsp;<\/li>\n\n\n\n<li><strong>Accompagnement <\/strong>\u00e0 la production d&rsquo;\u00e9missions interactives.<\/li>\n\n\n\n<li><strong>Ateliers d&rsquo;\u00e9ducation aux m\u00e9dias et \u00e0 la citoyennet\u00e9 num\u00e9rique<\/strong> pour les jeunes, dont la moiti\u00e9 \u00e9taient des femmes. Ces activit\u00e9s ciblaient sp\u00e9cifiquement les zones de crise, l&rsquo;<strong>Extr\u00eame-Nord<\/strong> et les deux r\u00e9gions anglophones (NOSO). La d\u00e9marche a inclus des formations de formateurs, des s\u00e9minaires, du coaching et des rencontres de concertation multi-acteurs pour maximiser l&rsquo;impact sur le terrain.<\/li>\n<\/ul>\n\n\n\n<p>La <strong>Fondation Conseil Jeune<\/strong> <strong>(FCJ)<\/strong>, une association de plus de 20 ans, a \u00e9t\u00e9 charg\u00e9e de la troisi\u00e8me composante du projet, les ateliers d\u2019\u00e9ducation aux m\u00e9dias et \u00e0 la citoyennet\u00e9 num\u00e9rique. Reconnue pour son engagement en faveur de la d\u00e9mocratie participative et de la citoyennet\u00e9 num\u00e9rique, la FCJ a mobilis\u00e9 son r\u00e9seau de mouvements de jeunesse dans les r\u00e9gions francophones et anglophones. Elle a s\u00e9lectionn\u00e9 des animateurs et animatrices pour les ateliers, qui ont eux-m\u00eames \u00e9t\u00e9 form\u00e9s par des experts internationaux de CFI. La FCJ a ensuite supervis\u00e9 l&rsquo;organisation des ateliers pour les 30 jeunes b\u00e9n\u00e9ficiaires dans les r\u00e9gions cibl\u00e9es.<\/p>\n<\/div>\n<\/div>\n<\/div>\n\n\n\n<div class=\"wp-block-column is-layout-flow wp-block-column-is-layout-flow\"><\/div>\n<\/div>\n\n\n\n<h2 class=\"wp-block-heading has-text-align-center has-dark-blue-color has-text-color\"><strong>FACTEURS DE SUCC\u00c8S<\/strong><\/h2>\n\n\n\n<div class=\"wp-block-columns has-background is-layout-flex wp-container-core-columns-is-layout-9d6595d7 wp-block-columns-is-layout-flex\" style=\"background-color:#ffffff\">\n<div class=\"wp-block-column is-layout-flow wp-block-column-is-layout-flow\"><\/div>\n\n\n\n<div class=\"wp-block-column is-layout-flow wp-block-column-is-layout-flow\" style=\"flex-basis:1000px\">\n<div class=\"wp-block-columns is-layout-flex wp-container-core-columns-is-layout-9d6595d7 wp-block-columns-is-layout-flex\">\n<div class=\"wp-block-column is-layout-flow wp-block-column-is-layout-flow\"><div class=\"wp-block-image\">\n<figure class=\"aligncenter size-full is-resized\"><img loading=\"lazy\" decoding=\"async\" width=\"1640\" height=\"1000\" src=\"https:\/\/youthdemocracycohort.com\/wp-content\/uploads\/2023\/09\/ARTS-4-change-7-1.png\" alt=\"Enabling factors graphic\" class=\"wp-image-2967\" style=\"object-fit:cover;width:40px;height:25px\" srcset=\"https:\/\/youthdemocracycohort.com\/wp-content\/uploads\/2023\/09\/ARTS-4-change-7-1.png 1640w, https:\/\/youthdemocracycohort.com\/wp-content\/uploads\/2023\/09\/ARTS-4-change-7-1-322x196.png 322w, https:\/\/youthdemocracycohort.com\/wp-content\/uploads\/2023\/09\/ARTS-4-change-7-1-161x98.png 161w, https:\/\/youthdemocracycohort.com\/wp-content\/uploads\/2023\/09\/ARTS-4-change-7-1-768x468.png 768w, https:\/\/youthdemocracycohort.com\/wp-content\/uploads\/2023\/09\/ARTS-4-change-7-1-1536x937.png 1536w\" sizes=\"auto, (max-width: 1640px) 100vw, 1640px\" \/><\/figure>\n<\/div>\n\n\n<p><strong>Ancrage local et participation communautaire :<\/strong> D\u00e8s sa conception, le projet a impliqu\u00e9 les b\u00e9n\u00e9ficiaires pour r\u00e9pondre \u00e0 leurs besoins r\u00e9els, ce qui a favoris\u00e9 leur adh\u00e9sion et la p\u00e9rennit\u00e9 des actions.<\/p>\n\n\n<div class=\"wp-block-image\">\n<figure class=\"aligncenter size-full is-resized\"><img loading=\"lazy\" decoding=\"async\" width=\"1640\" height=\"1000\" src=\"https:\/\/youthdemocracycohort.com\/wp-content\/uploads\/2023\/09\/ARTS-4-change-7-1.png\" alt=\"Enabling factors graphic\" class=\"wp-image-2967\" style=\"object-fit:cover;width:40px;height:25px\" srcset=\"https:\/\/youthdemocracycohort.com\/wp-content\/uploads\/2023\/09\/ARTS-4-change-7-1.png 1640w, https:\/\/youthdemocracycohort.com\/wp-content\/uploads\/2023\/09\/ARTS-4-change-7-1-322x196.png 322w, https:\/\/youthdemocracycohort.com\/wp-content\/uploads\/2023\/09\/ARTS-4-change-7-1-161x98.png 161w, https:\/\/youthdemocracycohort.com\/wp-content\/uploads\/2023\/09\/ARTS-4-change-7-1-768x468.png 768w, https:\/\/youthdemocracycohort.com\/wp-content\/uploads\/2023\/09\/ARTS-4-change-7-1-1536x937.png 1536w\" sizes=\"auto, (max-width: 1640px) 100vw, 1640px\" \/><\/figure>\n<\/div>\n\n\n<p><strong>Soutien institutionnel et partenarial :<\/strong> L&rsquo;appui des autorit\u00e9s locales, d&rsquo;ONG et d&rsquo;institutions internationales a l\u00e9gitim\u00e9 le projet et facilit\u00e9 son d\u00e9ploiement.<\/p>\n\n\n<div class=\"wp-block-image\">\n<figure class=\"aligncenter size-full is-resized\"><img loading=\"lazy\" decoding=\"async\" width=\"1640\" height=\"1000\" src=\"https:\/\/youthdemocracycohort.com\/wp-content\/uploads\/2023\/09\/ARTS-4-change-7-1.png\" alt=\"Enabling factors graphic\" class=\"wp-image-2967\" style=\"object-fit:cover;width:40px;height:25px\" srcset=\"https:\/\/youthdemocracycohort.com\/wp-content\/uploads\/2023\/09\/ARTS-4-change-7-1.png 1640w, https:\/\/youthdemocracycohort.com\/wp-content\/uploads\/2023\/09\/ARTS-4-change-7-1-322x196.png 322w, https:\/\/youthdemocracycohort.com\/wp-content\/uploads\/2023\/09\/ARTS-4-change-7-1-161x98.png 161w, https:\/\/youthdemocracycohort.com\/wp-content\/uploads\/2023\/09\/ARTS-4-change-7-1-768x468.png 768w, https:\/\/youthdemocracycohort.com\/wp-content\/uploads\/2023\/09\/ARTS-4-change-7-1-1536x937.png 1536w\" sizes=\"auto, (max-width: 1640px) 100vw, 1640px\" \/><\/figure>\n<\/div>\n\n\n<p><strong>Pertinence des objectifs et des activit\u00e9s :<\/strong> &nbsp;Le projet a su articuler ses actions avec les r\u00e9alit\u00e9s sociales, culturelles et \u00e9conomiques du contexte.<\/p>\n\n\n<div class=\"wp-block-image\">\n<figure class=\"aligncenter size-full is-resized\"><img loading=\"lazy\" decoding=\"async\" width=\"1640\" height=\"1000\" src=\"https:\/\/youthdemocracycohort.com\/wp-content\/uploads\/2023\/09\/ARTS-4-change-7-1.png\" alt=\"Enabling factors graphic\" class=\"wp-image-2967\" style=\"object-fit:cover;width:40px;height:25px\" srcset=\"https:\/\/youthdemocracycohort.com\/wp-content\/uploads\/2023\/09\/ARTS-4-change-7-1.png 1640w, https:\/\/youthdemocracycohort.com\/wp-content\/uploads\/2023\/09\/ARTS-4-change-7-1-322x196.png 322w, https:\/\/youthdemocracycohort.com\/wp-content\/uploads\/2023\/09\/ARTS-4-change-7-1-161x98.png 161w, https:\/\/youthdemocracycohort.com\/wp-content\/uploads\/2023\/09\/ARTS-4-change-7-1-768x468.png 768w, https:\/\/youthdemocracycohort.com\/wp-content\/uploads\/2023\/09\/ARTS-4-change-7-1-1536x937.png 1536w\" sizes=\"auto, (max-width: 1640px) 100vw, 1640px\" \/><\/figure>\n<\/div>\n\n\n<p><strong>Comp\u00e9tence de l&rsquo;\u00e9quipe porteuse :<\/strong> Les membres du projet, form\u00e9s et engag\u00e9s, ont fait preuve de professionnalisme et d&rsquo;une excellente connaissance du terrain.<\/p>\n\n\n<div class=\"wp-block-image\">\n<figure class=\"aligncenter size-full is-resized\"><img loading=\"lazy\" decoding=\"async\" width=\"1640\" height=\"1000\" src=\"https:\/\/youthdemocracycohort.com\/wp-content\/uploads\/2023\/09\/ARTS-4-change-7-1.png\" alt=\"Enabling factors graphic\" class=\"wp-image-2967\" style=\"object-fit:cover;width:40px;height:25px\" srcset=\"https:\/\/youthdemocracycohort.com\/wp-content\/uploads\/2023\/09\/ARTS-4-change-7-1.png 1640w, https:\/\/youthdemocracycohort.com\/wp-content\/uploads\/2023\/09\/ARTS-4-change-7-1-322x196.png 322w, https:\/\/youthdemocracycohort.com\/wp-content\/uploads\/2023\/09\/ARTS-4-change-7-1-161x98.png 161w, https:\/\/youthdemocracycohort.com\/wp-content\/uploads\/2023\/09\/ARTS-4-change-7-1-768x468.png 768w, https:\/\/youthdemocracycohort.com\/wp-content\/uploads\/2023\/09\/ARTS-4-change-7-1-1536x937.png 1536w\" sizes=\"auto, (max-width: 1640px) 100vw, 1640px\" \/><\/figure>\n<\/div>\n\n\n<p><strong>Suivi-\u00e9valuation et adaptabilit\u00e9<\/strong> : Un m\u00e9canisme de suivi-\u00e9valuation a permis de mesurer les progr\u00e8s, d&rsquo;ajuster les actions et d&rsquo;am\u00e9liorer l&rsquo;efficacit\u00e9 globale du projet.<\/p>\n<\/div>\n<\/div>\n<\/div>\n\n\n\n<div class=\"wp-block-column is-layout-flow wp-block-column-is-layout-flow\"><\/div>\n<\/div>\n\n\n\n<h2 class=\"wp-block-heading has-text-align-center has-dark-blue-color has-text-color\"><strong>IMPACT<\/strong><\/h2>\n\n\n\n<div class=\"wp-block-columns has-background is-layout-flex wp-container-core-columns-is-layout-9d6595d7 wp-block-columns-is-layout-flex\" style=\"background-color:#ffffff\">\n<div class=\"wp-block-column is-layout-flow wp-block-column-is-layout-flow\"><\/div>\n\n\n\n<div class=\"wp-block-column is-layout-flow wp-block-column-is-layout-flow\" style=\"flex-basis:1000px\">\n<div class=\"wp-block-columns is-layout-flex wp-container-core-columns-is-layout-9d6595d7 wp-block-columns-is-layout-flex\">\n<div class=\"wp-block-column is-layout-flow wp-block-column-is-layout-flow\">\n<p>Gr\u00e2ce aux ateliers de la Fondation Conseil Jeune, de jeunes hommes et femmes engag\u00e9s dans les organisations de la soci\u00e9t\u00e9 civile op\u00e9rant dans les r\u00e9gions couvertes par le projet ont \u00e9t\u00e9 form\u00e9s \u00e0 l&rsquo;\u00e9ducation aux m\u00e9dias et \u00e0 la citoyennet\u00e9 num\u00e9rique. Ils agissent d\u00e9sormais en tant que contributeurs actifs au sein de leurs communaut\u00e9s, produisant et diffusant une information qui favorise la coh\u00e9sion sociale et la r\u00e9duction des tensions.<br><br><br><\/p>\n\n\n\n<figure class=\"wp-block-image size-full\"><a href=\"https:\/\/youthdemocracycohort.com\/map\/\"><img loading=\"lazy\" decoding=\"async\" width=\"2000\" height=\"900\" src=\"https:\/\/youthdemocracycohort.com\/wp-content\/uploads\/2025\/06\/Footer-1.png\" alt=\"Check our interactive map\" class=\"wp-image-13011\" srcset=\"https:\/\/youthdemocracycohort.com\/wp-content\/uploads\/2025\/06\/Footer-1.png 2000w, https:\/\/youthdemocracycohort.com\/wp-content\/uploads\/2025\/06\/Footer-1-322x145.png 322w, https:\/\/youthdemocracycohort.com\/wp-content\/uploads\/2025\/06\/Footer-1-161x72.png 161w, https:\/\/youthdemocracycohort.com\/wp-content\/uploads\/2025\/06\/Footer-1-768x346.png 768w, https:\/\/youthdemocracycohort.com\/wp-content\/uploads\/2025\/06\/Footer-1-1536x691.png 1536w, https:\/\/youthdemocracycohort.com\/wp-content\/uploads\/2025\/06\/Footer-1-18x8.png 18w\" sizes=\"auto, (max-width: 2000px) 100vw, 2000px\" \/><\/a><\/figure>\n<\/div>\n<\/div>\n<\/div>\n\n\n\n<div class=\"wp-block-column is-layout-flow wp-block-column-is-layout-flow\"><\/div>\n<\/div>\n<\/div>\n\n\n\n<div class=\"wp-block-column is-layout-flow wp-block-column-is-layout-flow\"><\/div>\n<\/div>\n","protected":false},"excerpt":{"rendered":"<p>Des m\u00e9dias professionnels et engag\u00e9s aux c\u00f4t\u00e9s de la soci\u00e9t\u00e9 civile, en faveur de la stabilit\u00e9 et la coh\u00e9sion sociale au Cameroun Cameroon ABSTRACT Le projet \u00ab\u00a0TALK PAIX\u00a0\u00bb se concentre sur le r\u00f4le des m\u00e9dias comme catalyseur du dialogue national, de la coh\u00e9sion sociale et de la [&hellip;]<\/p>\n","protected":false},"featured_media":16286,"template":"","meta":{"_acf_changed":false,"inline_featured_image":false,"_monsterinsights_skip_tracking":false,"_monsterinsights_sitenote_active":false,"_monsterinsights_sitenote_note":"","_monsterinsights_sitenote_category":0,"footnotes":""},"story-category":[25],"project-category":[],"project-region":[],"story-tag":[],"class_list":["post-16245","storiesprojects","type-storiesprojects","status-publish","has-post-thumbnail","hentry","story-category-story"],"acf":[],"aioseo_notices":[],"jetpack_sharing_enabled":true,"_links":{"self":[{"href":"https:\/\/youthdemocracycohort.com\/fr\/wp-json\/wp\/v2\/storiesprojects\/16245","targetHints":{"allow":["GET"]}}],"collection":[{"href":"https:\/\/youthdemocracycohort.com\/fr\/wp-json\/wp\/v2\/storiesprojects"}],"about":[{"href":"https:\/\/youthdemocracycohort.com\/fr\/wp-json\/wp\/v2\/types\/storiesprojects"}],"version-history":[{"count":24,"href":"https:\/\/youthdemocracycohort.com\/fr\/wp-json\/wp\/v2\/storiesprojects\/16245\/revisions"}],"predecessor-version":[{"id":16959,"href":"https:\/\/youthdemocracycohort.com\/fr\/wp-json\/wp\/v2\/storiesprojects\/16245\/revisions\/16959"}],"wp:featuredmedia":[{"embeddable":true,"href":"https:\/\/youthdemocracycohort.com\/fr\/wp-json\/wp\/v2\/media\/16286"}],"wp:attachment":[{"href":"https:\/\/youthdemocracycohort.com\/fr\/wp-json\/wp\/v2\/media?parent=16245"}],"wp:term":[{"taxonomy":"story-category","embeddable":true,"href":"https:\/\/youthdemocracycohort.com\/fr\/wp-json\/wp\/v2\/story-category?post=16245"},{"taxonomy":"project-category","embeddable":true,"href":"https:\/\/youthdemocracycohort.com\/fr\/wp-json\/wp\/v2\/project-category?post=16245"},{"taxonomy":"project-region","embeddable":true,"href":"https:\/\/youthdemocracycohort.com\/fr\/wp-json\/wp\/v2\/project-region?post=16245"},{"taxonomy":"story-tag","embeddable":true,"href":"https:\/\/youthdemocracycohort.com\/fr\/wp-json\/wp\/v2\/story-tag?post=16245"}],"curies":[{"name":"wp","href":"https:\/\/api.w.org\/{rel}","templated":true}]}}