{"id":16574,"date":"2025-09-09T11:29:54","date_gmt":"2025-09-09T11:29:54","guid":{"rendered":"https:\/\/youthdemocracycohort.com\/?post_type=storiesprojects&#038;p=16574"},"modified":"2026-01-29T15:31:02","modified_gmt":"2026-01-29T15:31:02","slug":"cejus","status":"publish","type":"storiesprojects","link":"https:\/\/youthdemocracycohort.com\/fr\/stories\/cejus\/","title":{"rendered":"Clinique d\u2019expertise Juridique et Sociale (CEJUS)"},"content":{"rendered":"\n<div class=\"wp-block-columns is-layout-flex wp-container-core-columns-is-layout-8f761849 wp-block-columns-is-layout-flex\">\n<div class=\"wp-block-column is-layout-flow wp-block-column-is-layout-flow\"><\/div>\n\n\n\n<div class=\"wp-block-column is-layout-flow wp-block-column-is-layout-flow\" style=\"flex-basis:1000px\">\n<div style=\"height:51px\" aria-hidden=\"true\" class=\"wp-block-spacer\"><\/div>\n\n\n\n<div class=\"wp-block-group is-nowrap is-layout-flex wp-container-core-group-is-layout-8f761849 wp-block-group-is-layout-flex\">\n<p class=\"has-light-blue-background-color has-text-color has-background has-link-color wp-elements-1 wp-block-paragraph\" style=\"color:#ffffff\">Le projet intitul\u00e9 <strong>\u00ab\u00a0Le num\u00e9rique au service de la gouvernance inclusive au Togo\u00a0\u00bb <\/strong>promeut un espace num\u00e9rique inclusif et s\u00e9curis\u00e9, o\u00f9 les jeunes exercent leurs droits et participent \u00e0 la d\u00e9mocratie, tout en appelant les institutions \u00e0 adopter des politiques garantissant l\u2019accessibilit\u00e9, la protection et la participation de tous dans la sph\u00e8re num\u00e9rique.<\/p>\n<\/div>\n\n\n\n<div style=\"height:38px\" aria-hidden=\"true\" class=\"wp-block-spacer\"><\/div>\n\n\n\n<h2 class=\"wp-block-heading has-text-align-left\">Activit\u00e9s<\/h2>\n\n\n\n<div class=\"wp-block-columns is-layout-flex wp-container-core-columns-is-layout-8f761849 wp-block-columns-is-layout-flex\">\n<div class=\"wp-block-column is-layout-flow wp-block-column-is-layout-flow\">\n<figure class=\"wp-block-image size-full\"><img loading=\"lazy\" decoding=\"async\" width=\"1000\" height=\"1000\" src=\"https:\/\/youthdemocracycohort.com\/wp-content\/uploads\/2025\/09\/1-Dialogue-multi-acteurs-pour-un-espace-numerique-libre.png\" alt=\"dialogue multi-acterus pour un espace num\u00e9rique libre\" class=\"wp-image-19428\" srcset=\"https:\/\/youthdemocracycohort.com\/wp-content\/uploads\/2025\/09\/1-Dialogue-multi-acteurs-pour-un-espace-numerique-libre.png 1000w, https:\/\/youthdemocracycohort.com\/wp-content\/uploads\/2025\/09\/1-Dialogue-multi-acteurs-pour-un-espace-numerique-libre-322x322.png 322w, https:\/\/youthdemocracycohort.com\/wp-content\/uploads\/2025\/09\/1-Dialogue-multi-acteurs-pour-un-espace-numerique-libre-161x161.png 161w, https:\/\/youthdemocracycohort.com\/wp-content\/uploads\/2025\/09\/1-Dialogue-multi-acteurs-pour-un-espace-numerique-libre-768x768.png 768w\" sizes=\"auto, (max-width: 1000px) 100vw, 1000px\" \/><\/figure>\n<\/div>\n\n\n\n<div class=\"wp-block-column is-layout-flow wp-block-column-is-layout-flow\">\n<figure class=\"wp-block-image size-full\"><img loading=\"lazy\" decoding=\"async\" width=\"1000\" height=\"1000\" src=\"https:\/\/youthdemocracycohort.com\/wp-content\/uploads\/2025\/09\/2-Forum-national-sur-les-droits-numeriques-la-cybersecurite-et-la-protection-des-donnees.png\" alt=\"forum national sur les droits num\u00e9riques, la cybers\u00e9curit\u00e9 et la protection des donn\u00e9es\" class=\"wp-image-19430\" srcset=\"https:\/\/youthdemocracycohort.com\/wp-content\/uploads\/2025\/09\/2-Forum-national-sur-les-droits-numeriques-la-cybersecurite-et-la-protection-des-donnees.png 1000w, https:\/\/youthdemocracycohort.com\/wp-content\/uploads\/2025\/09\/2-Forum-national-sur-les-droits-numeriques-la-cybersecurite-et-la-protection-des-donnees-322x322.png 322w, https:\/\/youthdemocracycohort.com\/wp-content\/uploads\/2025\/09\/2-Forum-national-sur-les-droits-numeriques-la-cybersecurite-et-la-protection-des-donnees-161x161.png 161w, https:\/\/youthdemocracycohort.com\/wp-content\/uploads\/2025\/09\/2-Forum-national-sur-les-droits-numeriques-la-cybersecurite-et-la-protection-des-donnees-768x768.png 768w\" sizes=\"auto, (max-width: 1000px) 100vw, 1000px\" \/><\/figure>\n<\/div>\n\n\n\n<div class=\"wp-block-column is-layout-flow wp-block-column-is-layout-flow\">\n<figure class=\"wp-block-image size-full\"><img loading=\"lazy\" decoding=\"async\" width=\"1000\" height=\"1000\" src=\"https:\/\/youthdemocracycohort.com\/wp-content\/uploads\/2025\/09\/3-Guide-pratique-pour-lintegration-des-outils-numeriques-dans-la-gouvernance-locale-inclusive.png\" alt=\"guide pratique pour l'int\u00e9gration des outils num\u00e9riques dans la gouvernance locale inclusive\" class=\"wp-image-19432\" srcset=\"https:\/\/youthdemocracycohort.com\/wp-content\/uploads\/2025\/09\/3-Guide-pratique-pour-lintegration-des-outils-numeriques-dans-la-gouvernance-locale-inclusive.png 1000w, https:\/\/youthdemocracycohort.com\/wp-content\/uploads\/2025\/09\/3-Guide-pratique-pour-lintegration-des-outils-numeriques-dans-la-gouvernance-locale-inclusive-322x322.png 322w, https:\/\/youthdemocracycohort.com\/wp-content\/uploads\/2025\/09\/3-Guide-pratique-pour-lintegration-des-outils-numeriques-dans-la-gouvernance-locale-inclusive-161x161.png 161w, https:\/\/youthdemocracycohort.com\/wp-content\/uploads\/2025\/09\/3-Guide-pratique-pour-lintegration-des-outils-numeriques-dans-la-gouvernance-locale-inclusive-768x768.png 768w\" sizes=\"auto, (max-width: 1000px) 100vw, 1000px\" \/><\/figure>\n<\/div>\n<\/div>\n\n\n\n<div style=\"height:38px\" aria-hidden=\"true\" class=\"wp-block-spacer\"><\/div>\n\n\n\n<h2 class=\"wp-block-heading has-text-align-left\">R\u00e9sultats attendus<\/h2>\n\n\n\n<div style=\"height:38px\" aria-hidden=\"true\" class=\"wp-block-spacer\"><\/div>\n\n\n\n<div class=\"wp-block-columns is-layout-flex wp-container-core-columns-is-layout-8f761849 wp-block-columns-is-layout-flex\">\n<div class=\"wp-block-column is-layout-flow wp-block-column-is-layout-flow\"><div class=\"wp-block-image\">\n<figure class=\"aligncenter size-full is-resized\"><img loading=\"lazy\" decoding=\"async\" width=\"500\" height=\"500\" src=\"https:\/\/youthdemocracycohort.com\/wp-content\/uploads\/2025\/08\/1-1.png\" alt=\"blue dot\" class=\"wp-image-16870\" style=\"width:80px;height:auto\" srcset=\"https:\/\/youthdemocracycohort.com\/wp-content\/uploads\/2025\/08\/1-1.png 500w, https:\/\/youthdemocracycohort.com\/wp-content\/uploads\/2025\/08\/1-1-322x322.png 322w, https:\/\/youthdemocracycohort.com\/wp-content\/uploads\/2025\/08\/1-1-161x161.png 161w\" sizes=\"auto, (max-width: 500px) 100vw, 500px\" \/><\/figure>\n<\/div>\n\n\n<p class=\"has-text-align-center wp-block-paragraph\">Le r\u00e9sultat principal du projet est de contribuer \u00e0 l\u2019\u00e9mergence d\u2019une soci\u00e9t\u00e9 togolaise dans laquelle les jeunes participent pleinement \u00e0 la vie d\u00e9mocratique gr\u00e2ce \u00e0 un espace num\u00e9rique inclusif, s\u00e9curis\u00e9 et respectueux des droits humains.<\/p>\n<\/div>\n<\/div>\n\n\n\n<div style=\"height:38px\" aria-hidden=\"true\" class=\"wp-block-spacer\"><\/div>\n\n\n\n<h2 class=\"wp-block-heading\"><strong>\u00c0 propos de la CEJUS<\/strong><\/h2>\n\n\n\n<ul class=\"wp-block-social-links has-icon-color has-icon-background-color is-style-default is-content-justification-center is-layout-flex wp-container-core-social-links-is-layout-fe48e5de wp-block-social-links-is-layout-flex\"><li style=\"color:#ffffff;background-color:#5c84c3\" class=\"wp-social-link wp-social-link-chain has-white-color has-light-blue-background-color wp-block-social-link\"><a rel=\"noopener nofollow\" target=\"_blank\" href=\"https:\/\/cliniques-juridiques.org\/cliniques\/clinique-juridique-de-lome\/\" class=\"wp-block-social-link-anchor\"><svg width=\"24\" height=\"24\" viewBox=\"0 0 24 24\" version=\"1.1\" xmlns=\"http:\/\/www.w3.org\/2000\/svg\" aria-hidden=\"true\" focusable=\"false\"><path d=\"M15.6,7.2H14v1.5h1.6c2,0,3.7,1.7,3.7,3.7s-1.7,3.7-3.7,3.7H14v1.5h1.6c2.8,0,5.2-2.3,5.2-5.2,0-2.9-2.3-5.2-5.2-5.2zM4.7,12.4c0-2,1.7-3.7,3.7-3.7H10V7.2H8.4c-2.9,0-5.2,2.3-5.2,5.2,0,2.9,2.3,5.2,5.2,5.2H10v-1.5H8.4c-2,0-3.7-1.7-3.7-3.7zm4.6.9h5.3v-1.5H9.3v1.5z\"><\/path><\/svg><span class=\"wp-block-social-link-label screen-reader-text\">Lien<\/span><\/a><\/li>\n\n<li style=\"color:#ffffff;background-color:#5c84c3\" class=\"wp-social-link wp-social-link-facebook has-white-color has-light-blue-background-color wp-block-social-link\"><a rel=\"noopener nofollow\" target=\"_blank\" href=\"https:\/\/www.facebook.com\/cliniquesjuridiques\" class=\"wp-block-social-link-anchor\"><svg width=\"24\" height=\"24\" viewBox=\"0 0 24 24\" version=\"1.1\" xmlns=\"http:\/\/www.w3.org\/2000\/svg\" aria-hidden=\"true\" focusable=\"false\"><path d=\"M12 2C6.5 2 2 6.5 2 12c0 5 3.7 9.1 8.4 9.9v-7H7.9V12h2.5V9.8c0-2.5 1.5-3.9 3.8-3.9 1.1 0 2.2.2 2.2.2v2.5h-1.3c-1.2 0-1.6.8-1.6 1.6V12h2.8l-.4 2.9h-2.3v7C18.3 21.1 22 17 22 12c0-5.5-4.5-10-10-10z\"><\/path><\/svg><span class=\"wp-block-social-link-label screen-reader-text\">Facebook<\/span><\/a><\/li>\n\n<li style=\"color:#ffffff;background-color:#5c84c3\" class=\"wp-social-link wp-social-link-x has-white-color has-light-blue-background-color wp-block-social-link\"><a rel=\"noopener nofollow\" target=\"_blank\" href=\"https:\/\/x.com\/clin_juridiques\" class=\"wp-block-social-link-anchor\"><svg width=\"24\" height=\"24\" viewBox=\"0 0 24 24\" version=\"1.1\" xmlns=\"http:\/\/www.w3.org\/2000\/svg\" aria-hidden=\"true\" focusable=\"false\"><path d=\"M13.982 10.622 20.54 3h-1.554l-5.693 6.618L8.745 3H3.5l6.876 10.007L3.5 21h1.554l6.012-6.989L15.868 21h5.245l-7.131-10.378Zm-2.128 2.474-.697-.997-5.543-7.93H8l4.474 6.4.697.996 5.815 8.318h-2.387l-4.745-6.787Z\" \/><\/svg><span class=\"wp-block-social-link-label screen-reader-text\">X<\/span><\/a><\/li>\n\n<li style=\"color:#ffffff;background-color:#5c84c3\" class=\"wp-social-link wp-social-link-linkedin has-white-color has-light-blue-background-color wp-block-social-link\"><a rel=\"noopener nofollow\" target=\"_blank\" href=\"https:\/\/www.linkedin.com\/company\/clinique-juridique-cejus\/\" class=\"wp-block-social-link-anchor\"><svg width=\"24\" height=\"24\" viewBox=\"0 0 24 24\" version=\"1.1\" xmlns=\"http:\/\/www.w3.org\/2000\/svg\" aria-hidden=\"true\" focusable=\"false\"><path d=\"M19.7,3H4.3C3.582,3,3,3.582,3,4.3v15.4C3,20.418,3.582,21,4.3,21h15.4c0.718,0,1.3-0.582,1.3-1.3V4.3 C21,3.582,20.418,3,19.7,3z M8.339,18.338H5.667v-8.59h2.672V18.338z M7.004,8.574c-0.857,0-1.549-0.694-1.549-1.548 c0-0.855,0.691-1.548,1.549-1.548c0.854,0,1.547,0.694,1.547,1.548C8.551,7.881,7.858,8.574,7.004,8.574z M18.339,18.338h-2.669 v-4.177c0-0.996-0.017-2.278-1.387-2.278c-1.389,0-1.601,1.086-1.601,2.206v4.249h-2.667v-8.59h2.559v1.174h0.037 c0.356-0.675,1.227-1.387,2.526-1.387c2.703,0,3.203,1.779,3.203,4.092V18.338z\"><\/path><\/svg><span class=\"wp-block-social-link-label screen-reader-text\">LinkedIn<\/span><\/a><\/li><\/ul>\n\n\n\n<p class=\"wp-block-paragraph\">Association cr\u00e9\u00e9e en juillet 2015, la Clinique d\u2019expertise Juridique et Sociale (CEJUS) \u0153uvre essentiellement \u00e0 la vulgarisation du droit et \u00e0 l\u2019accompagnement de la population en mati\u00e8re juridique et sociale ainsi qu\u2019\u00e0 la promotion de la gouvernance d\u00e9mocratique. Sa mission est de travailler pour que l\u2019acc\u00e8s au droit et \u00e0 la justice pour tous devienne davantage une r\u00e9alit\u00e9.<\/p>\n\n\n\n<figure class=\"wp-block-image size-full\"><img loading=\"lazy\" decoding=\"async\" width=\"1510\" height=\"226\" src=\"https:\/\/youthdemocracycohort.com\/wp-content\/uploads\/2025\/08\/DY-Supported-Organisations-Banner-6.png\" alt=\"propuls\u00e9 par DDI soutenu par YDC\" class=\"wp-image-17130\" srcset=\"https:\/\/youthdemocracycohort.com\/wp-content\/uploads\/2025\/08\/DY-Supported-Organisations-Banner-6.png 1510w, https:\/\/youthdemocracycohort.com\/wp-content\/uploads\/2025\/08\/DY-Supported-Organisations-Banner-6-322x48.png 322w, https:\/\/youthdemocracycohort.com\/wp-content\/uploads\/2025\/08\/DY-Supported-Organisations-Banner-6-161x24.png 161w, https:\/\/youthdemocracycohort.com\/wp-content\/uploads\/2025\/08\/DY-Supported-Organisations-Banner-6-768x115.png 768w\" sizes=\"auto, (max-width: 1510px) 100vw, 1510px\" \/><\/figure>\n<\/div>\n\n\n\n<div class=\"wp-block-column is-layout-flow wp-block-column-is-layout-flow\"><\/div>\n\n\n\n<div class=\"wp-block-column is-layout-flow wp-block-column-is-layout-flow\"><\/div>\n<\/div>\n","protected":false},"excerpt":{"rendered":"<p>Le projet intitul\u00e9 \u00ab\u00a0Le num\u00e9rique au service de la gouvernance inclusive au Togo\u00a0\u00bb promeut un espace num\u00e9rique inclusif et s\u00e9curis\u00e9, o\u00f9 les jeunes exercent leurs droits et participent \u00e0 la d\u00e9mocratie, tout en appelant les institutions \u00e0 adopter des politiques garantissant l\u2019accessibilit\u00e9, la protection et la participation [&hellip;]<\/p>\n","protected":false},"featured_media":16873,"template":"","meta":{"_acf_changed":false,"inline_featured_image":false,"_monsterinsights_skip_tracking":false,"footnotes":""},"story-category":[24],"project-category":[241],"project-region":[],"story-tag":[],"class_list":["post-16574","storiesprojects","type-storiesprojects","status-publish","has-post-thumbnail","hentry","story-category-project","project-category-digitalise-youth"],"acf":[],"aioseo_notices":[],"aioseo_head":"\n\t\t<!-- All in One SEO 4.9.10 - aioseo.com -->\n\t<meta name=\"description\" content=\"Le projet intitul\u00e9 &quot;Le num\u00e9rique au service de la gouvernance inclusive au Togo&quot; promeut un espace num\u00e9rique inclusif et s\u00e9curis\u00e9, o\u00f9 les jeunes exercent leurs droits et participent \u00e0 la d\u00e9mocratie, tout en appelant les institutions \u00e0 adopter des politiques garantissant l\u2019accessibilit\u00e9, la protection et la participation de tous dans la sph\u00e8re num\u00e9rique. Activit\u00e9s R\u00e9sultats\" \/>\n\t<meta name=\"robots\" content=\"max-image-preview:large\" \/>\n\t<link rel=\"canonical\" href=\"https:\/\/youthdemocracycohort.com\/fr\/stories\/cejus\/\" \/>\n\t<meta name=\"generator\" content=\"All in One SEO (AIOSEO) 4.9.10\" \/>\n\t\t<meta property=\"og:locale\" content=\"fr_FR\" \/>\n\t\t<meta property=\"og:site_name\" content=\"Youth Democracy Cohort -\" \/>\n\t\t<meta property=\"og:type\" content=\"article\" \/>\n\t\t<meta property=\"og:title\" content=\"Clinique d\u2019expertise Juridique et Sociale (CEJUS) - Youth Democracy Cohort\" \/>\n\t\t<meta property=\"og:description\" content=\"Le projet intitul\u00e9 &quot;Le num\u00e9rique au service de la gouvernance inclusive au Togo&quot; promeut un espace num\u00e9rique inclusif et s\u00e9curis\u00e9, o\u00f9 les jeunes exercent leurs droits et participent \u00e0 la d\u00e9mocratie, tout en appelant les institutions \u00e0 adopter des politiques garantissant l\u2019accessibilit\u00e9, la protection et la participation de tous dans la sph\u00e8re num\u00e9rique. Activit\u00e9s R\u00e9sultats\" \/>\n\t\t<meta property=\"og:url\" content=\"https:\/\/youthdemocracycohort.com\/fr\/stories\/cejus\/\" \/>\n\t\t<meta property=\"article:published_time\" content=\"2025-09-09T11:29:54+00:00\" \/>\n\t\t<meta property=\"article:modified_time\" content=\"2026-01-29T15:31:02+00:00\" \/>\n\t\t<meta name=\"twitter:card\" content=\"summary_large_image\" \/>\n\t\t<meta name=\"twitter:title\" content=\"Clinique d\u2019expertise Juridique et Sociale (CEJUS) - Youth Democracy Cohort\" \/>\n\t\t<meta name=\"twitter:description\" content=\"Le projet intitul\u00e9 &quot;Le num\u00e9rique au service de la gouvernance inclusive au Togo&quot; promeut un espace num\u00e9rique inclusif et s\u00e9curis\u00e9, o\u00f9 les jeunes exercent leurs droits et participent \u00e0 la d\u00e9mocratie, tout en appelant les institutions \u00e0 adopter des politiques garantissant l\u2019accessibilit\u00e9, la protection et la participation de tous dans la sph\u00e8re num\u00e9rique. Activit\u00e9s R\u00e9sultats\" \/>\n\t\t<script type=\"application\/ld+json\" class=\"aioseo-schema\">\n\t\t\t{\"@context\":\"https:\\\/\\\/schema.org\",\"@graph\":[{\"@type\":\"BreadcrumbList\",\"@id\":\"https:\\\/\\\/youthdemocracycohort.com\\\/fr\\\/stories\\\/cejus\\\/#breadcrumblist\",\"itemListElement\":[{\"@type\":\"ListItem\",\"@id\":\"https:\\\/\\\/youthdemocracycohort.com\\\/fr\\\/#listItem\",\"position\":1,\"name\":\"Home\",\"item\":\"https:\\\/\\\/youthdemocracycohort.com\\\/fr\\\/\",\"nextItem\":{\"@type\":\"ListItem\",\"@id\":\"https:\\\/\\\/youthdemocracycohort.com\\\/fr\\\/stories\\\/#listItem\",\"name\":\"Map Items\"}},{\"@type\":\"ListItem\",\"@id\":\"https:\\\/\\\/youthdemocracycohort.com\\\/fr\\\/stories\\\/#listItem\",\"position\":2,\"name\":\"Map Items\",\"item\":\"https:\\\/\\\/youthdemocracycohort.com\\\/fr\\\/stories\\\/\",\"nextItem\":{\"@type\":\"ListItem\",\"@id\":\"https:\\\/\\\/youthdemocracycohort.com\\\/story-category\\\/project\\\/#listItem\",\"name\":\"project\"},\"previousItem\":{\"@type\":\"ListItem\",\"@id\":\"https:\\\/\\\/youthdemocracycohort.com\\\/fr\\\/#listItem\",\"name\":\"Home\"}},{\"@type\":\"ListItem\",\"@id\":\"https:\\\/\\\/youthdemocracycohort.com\\\/story-category\\\/project\\\/#listItem\",\"position\":3,\"name\":\"project\",\"item\":\"https:\\\/\\\/youthdemocracycohort.com\\\/story-category\\\/project\\\/\",\"nextItem\":{\"@type\":\"ListItem\",\"@id\":\"https:\\\/\\\/youthdemocracycohort.com\\\/fr\\\/stories\\\/cejus\\\/#listItem\",\"name\":\"Clinique d\\u2019expertise Juridique et Sociale (CEJUS)\"},\"previousItem\":{\"@type\":\"ListItem\",\"@id\":\"https:\\\/\\\/youthdemocracycohort.com\\\/fr\\\/stories\\\/#listItem\",\"name\":\"Map Items\"}},{\"@type\":\"ListItem\",\"@id\":\"https:\\\/\\\/youthdemocracycohort.com\\\/fr\\\/stories\\\/cejus\\\/#listItem\",\"position\":4,\"name\":\"Clinique d\\u2019expertise Juridique et Sociale (CEJUS)\",\"previousItem\":{\"@type\":\"ListItem\",\"@id\":\"https:\\\/\\\/youthdemocracycohort.com\\\/story-category\\\/project\\\/#listItem\",\"name\":\"project\"}}]},{\"@type\":\"Organization\",\"@id\":\"https:\\\/\\\/youthdemocracycohort.com\\\/fr\\\/#organization\",\"name\":\"Youth Democracy Cohort\",\"url\":\"https:\\\/\\\/youthdemocracycohort.com\\\/fr\\\/\"},{\"@type\":\"WebPage\",\"@id\":\"https:\\\/\\\/youthdemocracycohort.com\\\/fr\\\/stories\\\/cejus\\\/#webpage\",\"url\":\"https:\\\/\\\/youthdemocracycohort.com\\\/fr\\\/stories\\\/cejus\\\/\",\"name\":\"Clinique d\\u2019expertise Juridique et Sociale (CEJUS) - Youth Democracy Cohort\",\"description\":\"Le projet intitul\\u00e9 \\\"Le num\\u00e9rique au service de la gouvernance inclusive au Togo\\\" promeut un espace num\\u00e9rique inclusif et s\\u00e9curis\\u00e9, o\\u00f9 les jeunes exercent leurs droits et participent \\u00e0 la d\\u00e9mocratie, tout en appelant les institutions \\u00e0 adopter des politiques garantissant l\\u2019accessibilit\\u00e9, la protection et la participation de tous dans la sph\\u00e8re num\\u00e9rique. Activit\\u00e9s R\\u00e9sultats\",\"inLanguage\":\"fr-FR\",\"isPartOf\":{\"@id\":\"https:\\\/\\\/youthdemocracycohort.com\\\/fr\\\/#website\"},\"breadcrumb\":{\"@id\":\"https:\\\/\\\/youthdemocracycohort.com\\\/fr\\\/stories\\\/cejus\\\/#breadcrumblist\"},\"image\":{\"@type\":\"ImageObject\",\"url\":\"https:\\\/\\\/youthdemocracycohort.com\\\/wp-content\\\/uploads\\\/2025\\\/08\\\/CEJUS.jpg\",\"@id\":\"https:\\\/\\\/youthdemocracycohort.com\\\/fr\\\/stories\\\/cejus\\\/#mainImage\",\"width\":1600,\"height\":900,\"caption\":\"CEJUS\"},\"primaryImageOfPage\":{\"@id\":\"https:\\\/\\\/youthdemocracycohort.com\\\/fr\\\/stories\\\/cejus\\\/#mainImage\"},\"datePublished\":\"2025-09-09T11:29:54+00:00\",\"dateModified\":\"2026-01-29T15:31:02+00:00\"},{\"@type\":\"WebSite\",\"@id\":\"https:\\\/\\\/youthdemocracycohort.com\\\/fr\\\/#website\",\"url\":\"https:\\\/\\\/youthdemocracycohort.com\\\/fr\\\/\",\"name\":\"Youth Democracy Cohort\",\"inLanguage\":\"fr-FR\",\"publisher\":{\"@id\":\"https:\\\/\\\/youthdemocracycohort.com\\\/fr\\\/#organization\"}}]}\n\t\t<\/script>\n\t\t<!-- All in One SEO -->\n\n","aioseo_head_json":{"title":"Clinique d\u2019expertise Juridique et Sociale (CEJUS) - Youth Democracy Cohort","description":"Le projet intitul\u00e9 \"Le num\u00e9rique au service de la gouvernance inclusive au Togo\" promeut un espace num\u00e9rique inclusif et s\u00e9curis\u00e9, o\u00f9 les jeunes exercent leurs droits et participent \u00e0 la d\u00e9mocratie, tout en appelant les institutions \u00e0 adopter des politiques garantissant l\u2019accessibilit\u00e9, la protection et la participation de tous dans la sph\u00e8re num\u00e9rique. Activit\u00e9s R\u00e9sultats","canonical_url":"https:\/\/youthdemocracycohort.com\/fr\/stories\/cejus\/","robots":"max-image-preview:large","keywords":"","webmasterTools":{"miscellaneous":""},"schema":{"@context":"https:\/\/schema.org","@graph":[{"@type":"BreadcrumbList","@id":"https:\/\/youthdemocracycohort.com\/fr\/stories\/cejus\/#breadcrumblist","itemListElement":[{"@type":"ListItem","@id":"https:\/\/youthdemocracycohort.com\/fr\/#listItem","position":1,"name":"Home","item":"https:\/\/youthdemocracycohort.com\/fr\/","nextItem":{"@type":"ListItem","@id":"https:\/\/youthdemocracycohort.com\/fr\/stories\/#listItem","name":"Map Items"}},{"@type":"ListItem","@id":"https:\/\/youthdemocracycohort.com\/fr\/stories\/#listItem","position":2,"name":"Map Items","item":"https:\/\/youthdemocracycohort.com\/fr\/stories\/","nextItem":{"@type":"ListItem","@id":"https:\/\/youthdemocracycohort.com\/story-category\/project\/#listItem","name":"project"},"previousItem":{"@type":"ListItem","@id":"https:\/\/youthdemocracycohort.com\/fr\/#listItem","name":"Home"}},{"@type":"ListItem","@id":"https:\/\/youthdemocracycohort.com\/story-category\/project\/#listItem","position":3,"name":"project","item":"https:\/\/youthdemocracycohort.com\/story-category\/project\/","nextItem":{"@type":"ListItem","@id":"https:\/\/youthdemocracycohort.com\/fr\/stories\/cejus\/#listItem","name":"Clinique d\u2019expertise Juridique et Sociale (CEJUS)"},"previousItem":{"@type":"ListItem","@id":"https:\/\/youthdemocracycohort.com\/fr\/stories\/#listItem","name":"Map Items"}},{"@type":"ListItem","@id":"https:\/\/youthdemocracycohort.com\/fr\/stories\/cejus\/#listItem","position":4,"name":"Clinique d\u2019expertise Juridique et Sociale (CEJUS)","previousItem":{"@type":"ListItem","@id":"https:\/\/youthdemocracycohort.com\/story-category\/project\/#listItem","name":"project"}}]},{"@type":"Organization","@id":"https:\/\/youthdemocracycohort.com\/fr\/#organization","name":"Youth Democracy Cohort","url":"https:\/\/youthdemocracycohort.com\/fr\/"},{"@type":"WebPage","@id":"https:\/\/youthdemocracycohort.com\/fr\/stories\/cejus\/#webpage","url":"https:\/\/youthdemocracycohort.com\/fr\/stories\/cejus\/","name":"Clinique d\u2019expertise Juridique et Sociale (CEJUS) - Youth Democracy Cohort","description":"Le projet intitul\u00e9 \"Le num\u00e9rique au service de la gouvernance inclusive au Togo\" promeut un espace num\u00e9rique inclusif et s\u00e9curis\u00e9, o\u00f9 les jeunes exercent leurs droits et participent \u00e0 la d\u00e9mocratie, tout en appelant les institutions \u00e0 adopter des politiques garantissant l\u2019accessibilit\u00e9, la protection et la participation de tous dans la sph\u00e8re num\u00e9rique. Activit\u00e9s R\u00e9sultats","inLanguage":"fr-FR","isPartOf":{"@id":"https:\/\/youthdemocracycohort.com\/fr\/#website"},"breadcrumb":{"@id":"https:\/\/youthdemocracycohort.com\/fr\/stories\/cejus\/#breadcrumblist"},"image":{"@type":"ImageObject","url":"https:\/\/youthdemocracycohort.com\/wp-content\/uploads\/2025\/08\/CEJUS.jpg","@id":"https:\/\/youthdemocracycohort.com\/fr\/stories\/cejus\/#mainImage","width":1600,"height":900,"caption":"CEJUS"},"primaryImageOfPage":{"@id":"https:\/\/youthdemocracycohort.com\/fr\/stories\/cejus\/#mainImage"},"datePublished":"2025-09-09T11:29:54+00:00","dateModified":"2026-01-29T15:31:02+00:00"},{"@type":"WebSite","@id":"https:\/\/youthdemocracycohort.com\/fr\/#website","url":"https:\/\/youthdemocracycohort.com\/fr\/","name":"Youth Democracy Cohort","inLanguage":"fr-FR","publisher":{"@id":"https:\/\/youthdemocracycohort.com\/fr\/#organization"}}]},"og:locale":"fr_FR","og:site_name":"Youth Democracy Cohort -","og:type":"article","og:title":"Clinique d\u2019expertise Juridique et Sociale (CEJUS) - Youth Democracy Cohort","og:description":"Le projet intitul\u00e9 &quot;Le num\u00e9rique au service de la gouvernance inclusive au Togo&quot; promeut un espace num\u00e9rique inclusif et s\u00e9curis\u00e9, o\u00f9 les jeunes exercent leurs droits et participent \u00e0 la d\u00e9mocratie, tout en appelant les institutions \u00e0 adopter des politiques garantissant l\u2019accessibilit\u00e9, la protection et la participation de tous dans la sph\u00e8re num\u00e9rique. Activit\u00e9s R\u00e9sultats","og:url":"https:\/\/youthdemocracycohort.com\/fr\/stories\/cejus\/","article:published_time":"2025-09-09T11:29:54+00:00","article:modified_time":"2026-01-29T15:31:02+00:00","twitter:card":"summary_large_image","twitter:title":"Clinique d\u2019expertise Juridique et Sociale (CEJUS) - Youth Democracy Cohort","twitter:description":"Le projet intitul\u00e9 &quot;Le num\u00e9rique au service de la gouvernance inclusive au Togo&quot; promeut un espace num\u00e9rique inclusif et s\u00e9curis\u00e9, o\u00f9 les jeunes exercent leurs droits et participent \u00e0 la d\u00e9mocratie, tout en appelant les institutions \u00e0 adopter des politiques garantissant l\u2019accessibilit\u00e9, la protection et la participation de tous dans la sph\u00e8re num\u00e9rique. Activit\u00e9s R\u00e9sultats"},"aioseo_meta_data":{"post_id":"16574","title":null,"description":null,"keywords":null,"keyphrases":{"focus":{"keyphrase":"","score":0,"analysis":{"keyphraseInTitle":{"score":0,"maxScore":9,"error":1}}},"additional":[]},"primary_term":null,"canonical_url":null,"og_title":null,"og_description":null,"og_object_type":"default","og_image_type":"default","og_image_url":null,"og_image_width":null,"og_image_height":null,"og_image_custom_url":null,"og_image_custom_fields":null,"og_video":"","og_custom_url":null,"og_article_section":null,"og_article_tags":null,"twitter_use_og":false,"twitter_card":"default","twitter_image_type":"default","twitter_image_url":null,"twitter_image_custom_url":null,"twitter_image_custom_fields":null,"twitter_title":null,"twitter_description":null,"schema":{"blockGraphs":[],"customGraphs":[],"default":{"data":{"Article":[],"Course":[],"Dataset":[],"FAQPage":[],"Movie":[],"Person":[],"Product":[],"ProductReview":[],"Car":[],"Recipe":[],"Service":[],"SoftwareApplication":[],"WebPage":[]},"graphName":"WebPage","isEnabled":true},"graphs":[]},"schema_type":"default","schema_type_options":null,"pillar_content":false,"robots_default":true,"robots_noindex":false,"robots_noarchive":false,"robots_nosnippet":false,"robots_nofollow":false,"robots_noimageindex":false,"robots_noodp":false,"robots_notranslate":false,"robots_max_snippet":"-1","robots_max_videopreview":"-1","robots_max_imagepreview":"large","priority":null,"frequency":"default","local_seo":null,"breadcrumb_settings":null,"limit_modified_date":false,"ai":{"faqs":[],"keyPoints":[],"titles":[],"descriptions":[],"socialPosts":{"email":[],"linkedin":[],"twitter":[],"facebook":[],"instagram":[]}},"created":"2025-08-18 14:40:49","updated":"2026-01-29 15:31:41","seo_analyzer_scan_date":null},"aioseo_breadcrumb":"<div class=\"aioseo-breadcrumbs\"><span class=\"aioseo-breadcrumb\">\n\t\t\t<a href=\"https:\/\/youthdemocracycohort.com\/fr\/\" title=\"Home\">Home<\/a>\n\t\t<\/span><span class=\"aioseo-breadcrumb-separator\">&raquo;<\/span><span class=\"aioseo-breadcrumb\">\n\t\t\t<a href=\"https:\/\/youthdemocracycohort.com\/fr\/stories\/\" title=\"Map Items\">Map Items<\/a>\n\t\t<\/span><span class=\"aioseo-breadcrumb-separator\">&raquo;<\/span><span class=\"aioseo-breadcrumb\">\n\t\t\t<a href=\"https:\/\/youthdemocracycohort.com\/story-category\/project\/\" title=\"project\">project<\/a>\n\t\t<\/span><span class=\"aioseo-breadcrumb-separator\">&raquo;<\/span><span class=\"aioseo-breadcrumb\">\n\t\t\tClinique d\u2019expertise Juridique et Sociale (CEJUS)\n\t\t<\/span><\/div>","aioseo_breadcrumb_json":[{"label":"Home","link":"https:\/\/youthdemocracycohort.com\/fr\/"},{"label":"Map Items","link":"https:\/\/youthdemocracycohort.com\/fr\/stories\/"},{"label":"project","link":"https:\/\/youthdemocracycohort.com\/story-category\/project\/"},{"label":"Clinique d\u2019expertise Juridique et Sociale (CEJUS)","link":"https:\/\/youthdemocracycohort.com\/fr\/stories\/cejus\/"}],"jetpack_sharing_enabled":true,"_links":{"self":[{"href":"https:\/\/youthdemocracycohort.com\/fr\/wp-json\/wp\/v2\/storiesprojects\/16574","targetHints":{"allow":["GET"]}}],"collection":[{"href":"https:\/\/youthdemocracycohort.com\/fr\/wp-json\/wp\/v2\/storiesprojects"}],"about":[{"href":"https:\/\/youthdemocracycohort.com\/fr\/wp-json\/wp\/v2\/types\/storiesprojects"}],"version-history":[{"count":15,"href":"https:\/\/youthdemocracycohort.com\/fr\/wp-json\/wp\/v2\/storiesprojects\/16574\/revisions"}],"predecessor-version":[{"id":19582,"href":"https:\/\/youthdemocracycohort.com\/fr\/wp-json\/wp\/v2\/storiesprojects\/16574\/revisions\/19582"}],"wp:featuredmedia":[{"embeddable":true,"href":"https:\/\/youthdemocracycohort.com\/fr\/wp-json\/wp\/v2\/media\/16873"}],"wp:attachment":[{"href":"https:\/\/youthdemocracycohort.com\/fr\/wp-json\/wp\/v2\/media?parent=16574"}],"wp:term":[{"taxonomy":"story-category","embeddable":true,"href":"https:\/\/youthdemocracycohort.com\/fr\/wp-json\/wp\/v2\/story-category?post=16574"},{"taxonomy":"project-category","embeddable":true,"href":"https:\/\/youthdemocracycohort.com\/fr\/wp-json\/wp\/v2\/project-category?post=16574"},{"taxonomy":"project-region","embeddable":true,"href":"https:\/\/youthdemocracycohort.com\/fr\/wp-json\/wp\/v2\/project-region?post=16574"},{"taxonomy":"story-tag","embeddable":true,"href":"https:\/\/youthdemocracycohort.com\/fr\/wp-json\/wp\/v2\/story-tag?post=16574"}],"curies":[{"name":"wp","href":"https:\/\/api.w.org\/{rel}","templated":true}]}}