{"id":16955,"date":"2025-08-28T08:07:39","date_gmt":"2025-08-28T08:07:39","guid":{"rendered":"https:\/\/youthdemocracycohort.com\/stories\/plaidoyer-des-enfants-pour-le-climat-et-les-droits-au-senegal\/"},"modified":"2025-11-20T17:21:31","modified_gmt":"2025-11-20T17:21:31","slug":"plaidoyer-des-enfants-pour-le-climat-et-les-droits-au-senegal","status":"publish","type":"storiesprojects","link":"https:\/\/youthdemocracycohort.com\/fr\/stories\/plaidoyer-des-enfants-pour-le-climat-et-les-droits-au-senegal\/","title":{"rendered":"Audience Publique : Plaidoyer des enfants pour le climat et les droits au S\u00e9n\u00e9gal"},"content":{"rendered":"\n<div class=\"wp-block-columns has-background is-layout-flex wp-container-core-columns-is-layout-9d6595d7 wp-block-columns-is-layout-flex\" style=\"background-color:#ffffff\">\n<div class=\"wp-block-column is-layout-flow wp-block-column-is-layout-flow\"><\/div>\n\n\n\n<div class=\"wp-block-column has-background is-layout-flow wp-block-column-is-layout-flow\" style=\"background-color:#ffffff;flex-basis:1100px\">\n<div class=\"wp-block-columns is-layout-flex wp-container-core-columns-is-layout-9d6595d7 wp-block-columns-is-layout-flex\">\n<div class=\"wp-block-column is-layout-flow wp-block-column-is-layout-flow\"><\/div>\n\n\n\n<div class=\"wp-block-column is-layout-flow wp-block-column-is-layout-flow\" style=\"flex-basis:650px\">\n<div class=\"wp-block-columns is-layout-flex wp-container-core-columns-is-layout-9d6595d7 wp-block-columns-is-layout-flex\">\n<div class=\"wp-block-column is-layout-flow wp-block-column-is-layout-flow\"><div class=\"wp-block-image\">\n<figure class=\"aligncenter size-full is-resized\"><img loading=\"lazy\" decoding=\"async\" width=\"365\" height=\"366\" src=\"https:\/\/youthdemocracycohort.com\/wp-content\/uploads\/2023\/08\/20a44497-3c9f-44b6-b4d6-588622d2920c.png\" alt=\"Lieu\" class=\"wp-image-3663\" style=\"aspect-ratio:1.0429447852760736;width:50px;height:auto\" srcset=\"https:\/\/youthdemocracycohort.com\/wp-content\/uploads\/2023\/08\/20a44497-3c9f-44b6-b4d6-588622d2920c.png 365w, https:\/\/youthdemocracycohort.com\/wp-content\/uploads\/2023\/08\/20a44497-3c9f-44b6-b4d6-588622d2920c-322x322.png 322w, https:\/\/youthdemocracycohort.com\/wp-content\/uploads\/2023\/08\/20a44497-3c9f-44b6-b4d6-588622d2920c-161x161.png 161w\" sizes=\"auto, (max-width: 365px) 100vw, 365px\" \/><\/figure>\n<\/div>\n\n\n<div style=\"height:15px\" aria-hidden=\"true\" class=\"wp-block-spacer\"><\/div>\n\n\n\n<p class=\"has-text-align-center has-medium-font-size\">S\u00e9n\u00e9gal<\/p>\n<\/div>\n\n\n\n<div class=\"wp-block-column is-vertically-aligned-top is-layout-flow wp-block-column-is-layout-flow\"><div class=\"wp-block-image\">\n<figure class=\"aligncenter size-full is-resized\"><img loading=\"lazy\" decoding=\"async\" width=\"373\" height=\"371\" src=\"https:\/\/youthdemocracycohort.com\/wp-content\/uploads\/2023\/10\/ee74041d-c718-41ed-9c9f-136b61fbbdc4.png\" alt=\"Mis en &#x153;uvre par\" class=\"wp-image-3678\" style=\"aspect-ratio:1.005390835579515;object-fit:cover;width:50px\" srcset=\"https:\/\/youthdemocracycohort.com\/wp-content\/uploads\/2023\/10\/ee74041d-c718-41ed-9c9f-136b61fbbdc4.png 373w, https:\/\/youthdemocracycohort.com\/wp-content\/uploads\/2023\/10\/ee74041d-c718-41ed-9c9f-136b61fbbdc4-322x320.png 322w, https:\/\/youthdemocracycohort.com\/wp-content\/uploads\/2023\/10\/ee74041d-c718-41ed-9c9f-136b61fbbdc4-161x161.png 161w\" sizes=\"auto, (max-width: 373px) 100vw, 373px\" \/><\/figure>\n<\/div>\n\n\n<div style=\"height:15px\" aria-hidden=\"true\" class=\"wp-block-spacer\"><\/div>\n\n\n<div class=\"wp-block-image\">\n<figure class=\"aligncenter size-full is-resized\"><img loading=\"lazy\" decoding=\"async\" width=\"1694\" height=\"1082\" src=\"https:\/\/youthdemocracycohort.com\/wp-content\/uploads\/2025\/08\/Logo_SCF.png\" alt=\"La fabrique du changement social\" class=\"wp-image-16944\" style=\"width:123px;height:auto\" srcset=\"https:\/\/youthdemocracycohort.com\/wp-content\/uploads\/2025\/08\/Logo_SCF.png 1694w, https:\/\/youthdemocracycohort.com\/wp-content\/uploads\/2025\/08\/Logo_SCF-322x206.png 322w, https:\/\/youthdemocracycohort.com\/wp-content\/uploads\/2025\/08\/Logo_SCF-161x103.png 161w, https:\/\/youthdemocracycohort.com\/wp-content\/uploads\/2025\/08\/Logo_SCF-768x491.png 768w, https:\/\/youthdemocracycohort.com\/wp-content\/uploads\/2025\/08\/Logo_SCF-1536x981.png 1536w\" sizes=\"auto, (max-width: 1694px) 100vw, 1694px\" \/><\/figure>\n<\/div><\/div>\n\n\n\n<div class=\"wp-block-column is-layout-flow wp-block-column-is-layout-flow\"><div class=\"wp-block-image\">\n<figure class=\"aligncenter size-full is-resized\"><img loading=\"lazy\" decoding=\"async\" width=\"374\" height=\"367\" src=\"https:\/\/youthdemocracycohort.com\/wp-content\/uploads\/2023\/10\/a7139f12-2eb1-4c70-9b36-02973c958559.png\" alt=\"Propuls&#xE9; par\" class=\"wp-image-3680\" style=\"width:50px\" srcset=\"https:\/\/youthdemocracycohort.com\/wp-content\/uploads\/2023\/10\/a7139f12-2eb1-4c70-9b36-02973c958559.png 374w, https:\/\/youthdemocracycohort.com\/wp-content\/uploads\/2023\/10\/a7139f12-2eb1-4c70-9b36-02973c958559-322x316.png 322w, https:\/\/youthdemocracycohort.com\/wp-content\/uploads\/2023\/10\/a7139f12-2eb1-4c70-9b36-02973c958559-161x158.png 161w\" sizes=\"auto, (max-width: 374px) 100vw, 374px\" \/><\/figure>\n<\/div>\n\n\n<figure class=\"wp-block-image size-full\"><img loading=\"lazy\" decoding=\"async\" width=\"2537\" height=\"656\" src=\"https:\/\/youthdemocracycohort.com\/wp-content\/uploads\/2025\/08\/Logo_SavetheChildren.png\" alt=\"Sauver les enfants\" class=\"wp-image-16946\" srcset=\"https:\/\/youthdemocracycohort.com\/wp-content\/uploads\/2025\/08\/Logo_SavetheChildren.png 2537w, https:\/\/youthdemocracycohort.com\/wp-content\/uploads\/2025\/08\/Logo_SavetheChildren-322x83.png 322w, https:\/\/youthdemocracycohort.com\/wp-content\/uploads\/2025\/08\/Logo_SavetheChildren-161x42.png 161w, https:\/\/youthdemocracycohort.com\/wp-content\/uploads\/2025\/08\/Logo_SavetheChildren-768x199.png 768w, https:\/\/youthdemocracycohort.com\/wp-content\/uploads\/2025\/08\/Logo_SavetheChildren-1536x397.png 1536w, https:\/\/youthdemocracycohort.com\/wp-content\/uploads\/2025\/08\/Logo_SavetheChildren-2048x530.png 2048w\" sizes=\"auto, (max-width: 2537px) 100vw, 2537px\" \/><\/figure>\n\n\n\n<figure class=\"wp-block-image size-full is-resized\"><img loading=\"lazy\" decoding=\"async\" width=\"600\" height=\"415\" src=\"https:\/\/youthdemocracycohort.com\/wp-content\/uploads\/2025\/08\/logotype-1.png\" alt=\"Su&#xE8;de Sverige\" class=\"wp-image-16948\" style=\"width:151px;height:auto\" srcset=\"https:\/\/youthdemocracycohort.com\/wp-content\/uploads\/2025\/08\/logotype-1.png 600w, https:\/\/youthdemocracycohort.com\/wp-content\/uploads\/2025\/08\/logotype-1-322x223.png 322w, https:\/\/youthdemocracycohort.com\/wp-content\/uploads\/2025\/08\/logotype-1-161x111.png 161w\" sizes=\"auto, (max-width: 600px) 100vw, 600px\" \/><\/figure>\n<\/div>\n<\/div>\n<\/div>\n\n\n\n<div class=\"wp-block-column is-layout-flow wp-block-column-is-layout-flow\"><\/div>\n<\/div>\n\n\n\n<h2 class=\"wp-block-heading has-text-align-center has-dark-blue-color has-text-color\"><strong>R\u00c9SUM\u00c9<\/strong><\/h2>\n\n\n<div class=\"wp-block-image\">\n<figure class=\"aligncenter size-full is-resized\"><img loading=\"lazy\" decoding=\"async\" width=\"1000\" height=\"58\" src=\"https:\/\/youthdemocracycohort.com\/wp-content\/uploads\/2023\/08\/4da59f16-745e-4b15-87c9-c262d2bdca92.png\" alt=\"Manuel d'histoires graphiques abstraites\" class=\"wp-image-3021\" style=\"object-fit:cover;width:500px;height:30px\" srcset=\"https:\/\/youthdemocracycohort.com\/wp-content\/uploads\/2023\/08\/4da59f16-745e-4b15-87c9-c262d2bdca92.png 1000w, https:\/\/youthdemocracycohort.com\/wp-content\/uploads\/2023\/08\/4da59f16-745e-4b15-87c9-c262d2bdca92-322x19.png 322w, https:\/\/youthdemocracycohort.com\/wp-content\/uploads\/2023\/08\/4da59f16-745e-4b15-87c9-c262d2bdca92-161x9.png 161w, https:\/\/youthdemocracycohort.com\/wp-content\/uploads\/2023\/08\/4da59f16-745e-4b15-87c9-c262d2bdca92-768x45.png 768w\" sizes=\"auto, (max-width: 1000px) 100vw, 1000px\" \/><\/figure>\n<\/div>\n\n\n<div class=\"wp-block-columns has-background is-layout-flex wp-container-core-columns-is-layout-9d6595d7 wp-block-columns-is-layout-flex\" style=\"background-color:#ffde59\">\n<div class=\"wp-block-column is-layout-flow wp-block-column-is-layout-flow\"><\/div>\n\n\n\n<div class=\"wp-block-column is-layout-flow wp-block-column-is-layout-flow\" style=\"flex-basis:1000px\">\n<div style=\"height:15px\" aria-hidden=\"true\" class=\"wp-block-spacer\"><\/div>\n\n\n\n<p>Social Change Factory (SCF) est un centre de leadership civique, d&rsquo;innovation sociale et de recherche bas\u00e9 au S\u00e9n\u00e9gal, avec des bureaux en C\u00f4te d&rsquo;Ivoire, en Gambie et au Niger. En partenariat avec Save the Children dans le cadre du programme PROSCIDE (Sida CSO 2022-2026), SCF a lanc\u00e9 \u00ab\u00a0Audience Publique\u00a0\u00bb, une initiative de plaidoyer participatif visant \u00e0 renforcer la capacit\u00e9 des enfants \u00e0 influencer les politiques sur la justice climatique et les droits de l&rsquo;enfant. L&rsquo;objectif est d&rsquo;autonomiser les enfants et de les positionner en tant qu&rsquo;acteurs cl\u00e9s dans l&rsquo;\u00e9laboration d&rsquo;un avenir durable et inclusif.  <br\/><\/p>\n<\/div>\n\n\n\n<div class=\"wp-block-column is-layout-flow wp-block-column-is-layout-flow\"><\/div>\n<\/div>\n\n\n\n<div style=\"height:25px\" aria-hidden=\"true\" class=\"wp-block-spacer\"><\/div>\n\n\n\n<h2 class=\"wp-block-heading has-text-align-center has-dark-blue-color has-text-color\"><strong>DESCRIPTION DU PROGRAMME<\/strong><\/h2>\n\n\n<div class=\"wp-block-image\">\n<figure class=\"aligncenter size-full is-resized\"><a href=\"https:\/\/youthdemocracycohort.com\/wp-content\/uploads\/2023\/03\/YDC_Handbook_web.pdf\" target=\"_blank\" rel=\"noreferrer noopener\"><img loading=\"lazy\" decoding=\"async\" width=\"1000\" height=\"188\" src=\"https:\/\/youthdemocracycohort.com\/wp-content\/uploads\/2023\/08\/46ee6048-7c8c-414c-98a7-c57e401c6e9b.png\" alt=\"Graphique de description du programme\" class=\"wp-image-2904\" style=\"width:400px;height:undefinedpx\" srcset=\"https:\/\/youthdemocracycohort.com\/wp-content\/uploads\/2023\/08\/46ee6048-7c8c-414c-98a7-c57e401c6e9b.png 1000w, https:\/\/youthdemocracycohort.com\/wp-content\/uploads\/2023\/08\/46ee6048-7c8c-414c-98a7-c57e401c6e9b-322x61.png 322w, https:\/\/youthdemocracycohort.com\/wp-content\/uploads\/2023\/08\/46ee6048-7c8c-414c-98a7-c57e401c6e9b-161x30.png 161w, https:\/\/youthdemocracycohort.com\/wp-content\/uploads\/2023\/08\/46ee6048-7c8c-414c-98a7-c57e401c6e9b-768x144.png 768w\" sizes=\"auto, (max-width: 1000px) 100vw, 1000px\" \/><\/a><\/figure>\n<\/div>\n\n\n<div class=\"wp-block-columns has-background is-layout-flex wp-container-core-columns-is-layout-9d6595d7 wp-block-columns-is-layout-flex\" style=\"background-color:#ffffff\">\n<div class=\"wp-block-column is-layout-flow wp-block-column-is-layout-flow\"><\/div>\n\n\n\n<div class=\"wp-block-column is-layout-flow wp-block-column-is-layout-flow\" style=\"flex-basis:1000px\">\n<div class=\"wp-block-columns is-layout-flex wp-container-core-columns-is-layout-9d6595d7 wp-block-columns-is-layout-flex\">\n<div class=\"wp-block-column is-layout-flow wp-block-column-is-layout-flow\">\n<p>L&rsquo;atelier \u00ab\u00a0Public Audience\u00a0\u00bb, qui s&rsquo;est tenu les 11 et 12 d\u00e9cembre 2024 \u00e0 Dakar, a rassembl\u00e9 25 enfants et jeunes de cinq organisations communautaires pour les former aux <strong>droits de l&rsquo;enfant et aux questions environnementales<\/strong>, ainsi qu&rsquo;aux <strong>outils et techniques de plaidoyer<\/strong>. Les participants ont appris \u00e0 <strong>\u00e9laborer des messages<\/strong> par le biais de travaux de groupe et de simulations, chaque groupe se concentrant sur un domaine th\u00e9matique sp\u00e9cifique : l <strong>&lsquo;\u00e9ducation inclusive, les d\u00e9chets plastiques, la r\u00e9silience climatique, la vuln\u00e9rabilit\u00e9 des enfants et l&rsquo;inclusion des personnes handicap\u00e9es<\/strong>.  <\/p>\n\n\n\n<p>Cet effort de collaboration a abouti \u00e0 la cr\u00e9ation de <strong>messages de sensibilisation<\/strong> concrets. Le deuxi\u00e8me jour, les enfants ont pr\u00e9sent\u00e9 leurs propositions lors d&rsquo;une s\u00e9ance publique de validation avec les autorit\u00e9s, ce qui a permis <strong>de susciter des engagements r\u00e9els en faveur d&rsquo;une implication continue<\/strong>. <\/p>\n\n\n\n<p><\/p>\n<\/div>\n<\/div>\n<\/div>\n\n\n\n<div class=\"wp-block-column is-layout-flow wp-block-column-is-layout-flow\"><\/div>\n<\/div>\n\n\n\n<h2 class=\"wp-block-heading has-text-align-center has-dark-blue-color has-text-color\"><strong>FACTEURS FAVORABLES<\/strong><\/h2>\n\n\n\n<div class=\"wp-block-columns has-background is-layout-flex wp-container-core-columns-is-layout-9d6595d7 wp-block-columns-is-layout-flex\" style=\"background-color:#ffffff\">\n<div class=\"wp-block-column is-layout-flow wp-block-column-is-layout-flow\"><\/div>\n\n\n\n<div class=\"wp-block-column is-layout-flow wp-block-column-is-layout-flow\" style=\"flex-basis:1000px\">\n<div class=\"wp-block-columns is-layout-flex wp-container-core-columns-is-layout-9d6595d7 wp-block-columns-is-layout-flex\">\n<div class=\"wp-block-column is-layout-flow wp-block-column-is-layout-flow\"><div class=\"wp-block-image\">\n<figure class=\"aligncenter size-full is-resized\"><img loading=\"lazy\" decoding=\"async\" width=\"1640\" height=\"1000\" src=\"https:\/\/youthdemocracycohort.com\/wp-content\/uploads\/2023\/09\/ARTS-4-change-7-1.png\" alt=\"Graphique des facteurs favorables\" class=\"wp-image-2967\" style=\"object-fit:cover;width:40px;height:25px\" srcset=\"https:\/\/youthdemocracycohort.com\/wp-content\/uploads\/2023\/09\/ARTS-4-change-7-1.png 1640w, https:\/\/youthdemocracycohort.com\/wp-content\/uploads\/2023\/09\/ARTS-4-change-7-1-322x196.png 322w, https:\/\/youthdemocracycohort.com\/wp-content\/uploads\/2023\/09\/ARTS-4-change-7-1-161x98.png 161w, https:\/\/youthdemocracycohort.com\/wp-content\/uploads\/2023\/09\/ARTS-4-change-7-1-768x468.png 768w, https:\/\/youthdemocracycohort.com\/wp-content\/uploads\/2023\/09\/ARTS-4-change-7-1-1536x937.png 1536w\" sizes=\"auto, (max-width: 1640px) 100vw, 1640px\" \/><\/figure>\n<\/div>\n\n\n<p class=\"has-text-align-center\">Soutien de Save the Children dans le cadre de PROSCIDE (Programme de Renforcement des Organisations de la Soci\u00e9t\u00e9 Civile pour les Droits de l&rsquo;Enfant)<\/p>\n\n\n<div class=\"wp-block-image\">\n<figure class=\"aligncenter size-full is-resized\"><img loading=\"lazy\" decoding=\"async\" width=\"1640\" height=\"1000\" src=\"https:\/\/youthdemocracycohort.com\/wp-content\/uploads\/2023\/09\/ARTS-4-change-7-1.png\" alt=\"Graphique des facteurs favorables\" class=\"wp-image-2967\" style=\"object-fit:cover;width:40px;height:25px\" srcset=\"https:\/\/youthdemocracycohort.com\/wp-content\/uploads\/2023\/09\/ARTS-4-change-7-1.png 1640w, https:\/\/youthdemocracycohort.com\/wp-content\/uploads\/2023\/09\/ARTS-4-change-7-1-322x196.png 322w, https:\/\/youthdemocracycohort.com\/wp-content\/uploads\/2023\/09\/ARTS-4-change-7-1-161x98.png 161w, https:\/\/youthdemocracycohort.com\/wp-content\/uploads\/2023\/09\/ARTS-4-change-7-1-768x468.png 768w, https:\/\/youthdemocracycohort.com\/wp-content\/uploads\/2023\/09\/ARTS-4-change-7-1-1536x937.png 1536w\" sizes=\"auto, (max-width: 1640px) 100vw, 1640px\" \/><\/figure>\n<\/div>\n\n\n<p class=\"has-text-align-center\">Participation des autorit\u00e9s locales et des partenaires institutionnels<\/p>\n\n\n<div class=\"wp-block-image\">\n<figure class=\"aligncenter size-full is-resized\"><img loading=\"lazy\" decoding=\"async\" width=\"1640\" height=\"1000\" src=\"https:\/\/youthdemocracycohort.com\/wp-content\/uploads\/2023\/09\/ARTS-4-change-7-1.png\" alt=\"Graphique des facteurs favorables\" class=\"wp-image-2967\" style=\"object-fit:cover;width:40px;height:25px\" srcset=\"https:\/\/youthdemocracycohort.com\/wp-content\/uploads\/2023\/09\/ARTS-4-change-7-1.png 1640w, https:\/\/youthdemocracycohort.com\/wp-content\/uploads\/2023\/09\/ARTS-4-change-7-1-322x196.png 322w, https:\/\/youthdemocracycohort.com\/wp-content\/uploads\/2023\/09\/ARTS-4-change-7-1-161x98.png 161w, https:\/\/youthdemocracycohort.com\/wp-content\/uploads\/2023\/09\/ARTS-4-change-7-1-768x468.png 768w, https:\/\/youthdemocracycohort.com\/wp-content\/uploads\/2023\/09\/ARTS-4-change-7-1-1536x937.png 1536w\" sizes=\"auto, (max-width: 1640px) 100vw, 1640px\" \/><\/figure>\n<\/div>\n\n\n<p class=\"has-text-align-center\">M\u00e9thodologie interactive dirig\u00e9e par des jeunes<\/p>\n\n\n<div class=\"wp-block-image\">\n<figure class=\"aligncenter size-full is-resized\"><img loading=\"lazy\" decoding=\"async\" width=\"1640\" height=\"1000\" src=\"https:\/\/youthdemocracycohort.com\/wp-content\/uploads\/2023\/09\/ARTS-4-change-7-1.png\" alt=\"Graphique des facteurs favorables\" class=\"wp-image-2967\" style=\"object-fit:cover;width:40px;height:25px\" srcset=\"https:\/\/youthdemocracycohort.com\/wp-content\/uploads\/2023\/09\/ARTS-4-change-7-1.png 1640w, https:\/\/youthdemocracycohort.com\/wp-content\/uploads\/2023\/09\/ARTS-4-change-7-1-322x196.png 322w, https:\/\/youthdemocracycohort.com\/wp-content\/uploads\/2023\/09\/ARTS-4-change-7-1-161x98.png 161w, https:\/\/youthdemocracycohort.com\/wp-content\/uploads\/2023\/09\/ARTS-4-change-7-1-768x468.png 768w, https:\/\/youthdemocracycohort.com\/wp-content\/uploads\/2023\/09\/ARTS-4-change-7-1-1536x937.png 1536w\" sizes=\"auto, (max-width: 1640px) 100vw, 1640px\" \/><\/figure>\n<\/div>\n\n\n<p class=\"has-text-align-center\">Inclusion d&rsquo;enfants issus de communaut\u00e9s diverses et souvent sous-repr\u00e9sent\u00e9es<\/p>\n<\/div>\n<\/div>\n<\/div>\n\n\n\n<div class=\"wp-block-column is-layout-flow wp-block-column-is-layout-flow\"><\/div>\n<\/div>\n\n\n\n<h2 class=\"wp-block-heading has-text-align-center has-dark-blue-color has-text-color\"><strong>IMPACTS CL\u00c9S<\/strong><\/h2>\n\n\n\n<div class=\"wp-block-columns has-background is-layout-flex wp-container-core-columns-is-layout-9d6595d7 wp-block-columns-is-layout-flex\" style=\"background-color:#ffffff\">\n<div class=\"wp-block-column is-layout-flow wp-block-column-is-layout-flow\"><\/div>\n\n\n\n<div class=\"wp-block-column is-layout-flow wp-block-column-is-layout-flow\" style=\"flex-basis:1000px\">\n<div class=\"wp-block-columns is-layout-flex wp-container-core-columns-is-layout-9d6595d7 wp-block-columns-is-layout-flex\">\n<div class=\"wp-block-column is-layout-flow wp-block-column-is-layout-flow\">\n<p>Le projet a eu des r\u00e9sultats positifs significatifs, les participants ont d\u00e9velopp\u00e9 et valid\u00e9 cinq messages de plaidoyer qui \u00e9taient align\u00e9s sur les r\u00e9alit\u00e9s locales. Cette initiative a incit\u00e9 les autorit\u00e9s locales \u00e0 s&rsquo;engager \u00e0 organiser des r\u00e9unions de suivi dans les espaces gouvernementaux. Les enfants ont acquis de solides comp\u00e9tences en mati\u00e8re de prise de parole en public et de plaidoyer, tout en renfor\u00e7ant leur compr\u00e9hension des questions environnementales et de leur lien avec les droits de l&rsquo;enfant. En fin de compte, l&rsquo;atelier a renforc\u00e9 un mod\u00e8le r\u00e9ussi de responsabilisation et de dialogue civique men\u00e9 par les jeunes.   <br\/><\/p>\n\n\n\n<div style=\"height:75px\" aria-hidden=\"true\" class=\"wp-block-spacer\"><\/div>\n\n\n\n<figure class=\"wp-block-image size-full\"><a href=\"https:\/\/youthdemocracycohort.com\/fr\/carte\/\"><img loading=\"lazy\" decoding=\"async\" width=\"2000\" height=\"900\" src=\"https:\/\/youthdemocracycohort.com\/wp-content\/uploads\/2025\/06\/Footer-1.png\" alt=\"Pied de page de la carte interactive\" class=\"wp-image-13011\" srcset=\"https:\/\/youthdemocracycohort.com\/wp-content\/uploads\/2025\/06\/Footer-1.png 2000w, https:\/\/youthdemocracycohort.com\/wp-content\/uploads\/2025\/06\/Footer-1-322x145.png 322w, https:\/\/youthdemocracycohort.com\/wp-content\/uploads\/2025\/06\/Footer-1-161x72.png 161w, https:\/\/youthdemocracycohort.com\/wp-content\/uploads\/2025\/06\/Footer-1-768x346.png 768w, https:\/\/youthdemocracycohort.com\/wp-content\/uploads\/2025\/06\/Footer-1-1536x691.png 1536w, https:\/\/youthdemocracycohort.com\/wp-content\/uploads\/2025\/06\/Footer-1-18x8.png 18w\" sizes=\"auto, (max-width: 2000px) 100vw, 2000px\" \/><\/a><\/figure>\n<\/div>\n<\/div>\n<\/div>\n\n\n\n<div class=\"wp-block-column is-layout-flow wp-block-column-is-layout-flow\"><\/div>\n<\/div>\n<\/div>\n\n\n\n<div class=\"wp-block-column is-layout-flow wp-block-column-is-layout-flow\"><\/div>\n<\/div>\n","protected":false},"excerpt":{"rendered":"<p>S\u00e9n\u00e9gal R\u00c9SUM\u00c9 Social Change Factory (SCF) est un centre de leadership civique, d&rsquo;innovation sociale et de recherche bas\u00e9 au S\u00e9n\u00e9gal, avec des bureaux en C\u00f4te d&rsquo;Ivoire, en Gambie et au Niger. En partenariat avec Save the Children dans le cadre du programme PROSCIDE (Sida CSO 2022-2026), SCF [&hellip;]<\/p>\n","protected":false},"featured_media":16943,"template":"","meta":{"_acf_changed":false,"inline_featured_image":false,"_monsterinsights_skip_tracking":false,"_monsterinsights_sitenote_active":false,"_monsterinsights_sitenote_note":"","_monsterinsights_sitenote_category":0,"footnotes":""},"story-category":[25],"project-category":[],"project-region":[],"story-tag":[],"class_list":["post-16955","storiesprojects","type-storiesprojects","status-publish","has-post-thumbnail","hentry","story-category-story"],"acf":[],"aioseo_notices":[],"jetpack_sharing_enabled":true,"_links":{"self":[{"href":"https:\/\/youthdemocracycohort.com\/fr\/wp-json\/wp\/v2\/storiesprojects\/16955","targetHints":{"allow":["GET"]}}],"collection":[{"href":"https:\/\/youthdemocracycohort.com\/fr\/wp-json\/wp\/v2\/storiesprojects"}],"about":[{"href":"https:\/\/youthdemocracycohort.com\/fr\/wp-json\/wp\/v2\/types\/storiesprojects"}],"version-history":[{"count":2,"href":"https:\/\/youthdemocracycohort.com\/fr\/wp-json\/wp\/v2\/storiesprojects\/16955\/revisions"}],"predecessor-version":[{"id":16970,"href":"https:\/\/youthdemocracycohort.com\/fr\/wp-json\/wp\/v2\/storiesprojects\/16955\/revisions\/16970"}],"wp:featuredmedia":[{"embeddable":true,"href":"https:\/\/youthdemocracycohort.com\/fr\/wp-json\/wp\/v2\/media\/16943"}],"wp:attachment":[{"href":"https:\/\/youthdemocracycohort.com\/fr\/wp-json\/wp\/v2\/media?parent=16955"}],"wp:term":[{"taxonomy":"story-category","embeddable":true,"href":"https:\/\/youthdemocracycohort.com\/fr\/wp-json\/wp\/v2\/story-category?post=16955"},{"taxonomy":"project-category","embeddable":true,"href":"https:\/\/youthdemocracycohort.com\/fr\/wp-json\/wp\/v2\/project-category?post=16955"},{"taxonomy":"project-region","embeddable":true,"href":"https:\/\/youthdemocracycohort.com\/fr\/wp-json\/wp\/v2\/project-region?post=16955"},{"taxonomy":"story-tag","embeddable":true,"href":"https:\/\/youthdemocracycohort.com\/fr\/wp-json\/wp\/v2\/story-tag?post=16955"}],"curies":[{"name":"wp","href":"https:\/\/api.w.org\/{rel}","templated":true}]}}