{"id":19739,"date":"2026-02-09T07:05:48","date_gmt":"2026-02-09T07:05:48","guid":{"rendered":"https:\/\/youthdemocracycohort.com\/?post_type=storiesprojects&#038;p=19739"},"modified":"2026-02-13T08:59:49","modified_gmt":"2026-02-13T08:59:49","slug":"voices-of-change-burkina-faso","status":"publish","type":"storiesprojects","link":"https:\/\/youthdemocracycohort.com\/fr\/stories\/voices-of-change-burkina-faso\/","title":{"rendered":"Voices of Change: Burkina Faso"},"content":{"rendered":"\n<div style=\"height:30px\" aria-hidden=\"true\" class=\"wp-block-spacer\"><\/div>\n\n\n\n<p class=\"has-text-align-center\"><em><strong>Date:<\/strong>&nbsp;24 November 2025<\/em><\/p>\n\n\n\n<div class=\"wp-block-columns is-layout-flex wp-container-core-columns-is-layout-9d6595d7 wp-block-columns-is-layout-flex\">\n<div class=\"wp-block-column is-layout-flow wp-block-column-is-layout-flow\" style=\"flex-basis:300px\">\n<figure class=\"wp-block-image alignfull size-full is-style-default\"><img loading=\"lazy\" decoding=\"async\" width=\"2560\" height=\"1280\" src=\"https:\/\/youthdemocracycohort.com\/wp-content\/uploads\/2026\/02\/Gen-Z-Map-Item-2-scaled.png\" alt=\"\" class=\"wp-image-19773\" srcset=\"https:\/\/youthdemocracycohort.com\/wp-content\/uploads\/2026\/02\/Gen-Z-Map-Item-2-scaled.png 2560w, https:\/\/youthdemocracycohort.com\/wp-content\/uploads\/2026\/02\/Gen-Z-Map-Item-2-322x161.png 322w, https:\/\/youthdemocracycohort.com\/wp-content\/uploads\/2026\/02\/Gen-Z-Map-Item-2-161x81.png 161w, https:\/\/youthdemocracycohort.com\/wp-content\/uploads\/2026\/02\/Gen-Z-Map-Item-2-768x384.png 768w, https:\/\/youthdemocracycohort.com\/wp-content\/uploads\/2026\/02\/Gen-Z-Map-Item-2-1536x768.png 1536w, https:\/\/youthdemocracycohort.com\/wp-content\/uploads\/2026\/02\/Gen-Z-Map-Item-2-2048x1024.png 2048w\" sizes=\"auto, (max-width: 2560px) 100vw, 2560px\" \/><figcaption class=\"wp-element-caption\">Manifestation pour la bonne gouvernance <br>\u00a9 Souleymane Ou\u00e9draogo<\/figcaption><\/figure>\n<\/div>\n\n\n\n<div class=\"wp-block-column is-layout-flow wp-block-column-is-layout-flow\">\n<p>Depuis la crise s\u00e9curitaire de 2022, la jeunesse burkinab\u00e8, en particulier la g\u00e9n\u00e9ration Z, se distingue par une forte volont\u00e9 de changement politique et de la gouvernance. N\u00e9s dans un contexte marqu\u00e9 par l\u2019instabilit\u00e9 politique, l\u2019ins\u00e9curit\u00e9 et le ch\u00f4mage, ces jeunes ont exprim\u00e9 ouvertement leurs frustrations et leurs aspirations \u00e0 travers des mobilisations, des campagnes en ligne et des actions communautaires pour soutenir les actions aspirantes du peuple en particulier la jeunesse.<\/p>\n<\/div>\n<\/div>\n\n\n\n<h3 class=\"wp-block-heading\"><strong>Des motivations profondes<\/strong><\/h3>\n\n\n\n<p>Les jeunes manifestent avant tout pour la justice sociale, la transparence dans la gouvernance et un meilleur acc\u00e8s aux opportunit\u00e9s \u00e9conomiques et \u00e9ducatives. Beaucoup d\u00e9noncent la marginalisation de la jeunesse dans les prises de d\u00e9cisions et demandent \u00e0 \u00eatre pleinement consid\u00e9r\u00e9s comme des acteurs du d\u00e9veloppement national. Les questions environnementales, la libert\u00e9 d\u2019expression et la s\u00e9curit\u00e9 figurent aussi parmi leurs principales pr\u00e9occupations. \u00c0 titre d\u2019exemple, A\u00efcha, une jeune \u00e9tudiante de Koudougou, raconte : \u00ab Nous voulons juste que nos voix comptent. Quand nous plantons des arbres ou participons \u00e0 des campagnes de nettoyage, ce n\u2019est pas juste symbolique. C\u2019est notre mani\u00e8re de dire que nous voulons un avenir meilleur, ici au Burkina. \u00bb<\/p>\n\n\n\n<p>De m\u00eame, lors des r\u00e9centes marches citoyennes \u00e0 Ouagadougou, de nombreux jeunes brandissaient des pancartes r\u00e9clamant \u00ab Justice pour tous \u00bb et \u00ab Non \u00e0 la corruption \u00bb. Ces mobilisations traduisent une volont\u00e9 r\u00e9elle de participer \u00e0 la construction d\u2019un \u00c9tat plus \u00e9quitable et responsable.<\/p>\n\n\n\n<figure class=\"wp-block-image size-full\"><img loading=\"lazy\" decoding=\"async\" width=\"1920\" height=\"600\" src=\"https:\/\/youthdemocracycohort.com\/wp-content\/uploads\/2026\/02\/Burkina-Faso-GYPI-FR.gif\" alt=\"GYPI Burkina Faso\" class=\"wp-image-20095\"\/><\/figure>\n\n\n\n<h3 class=\"wp-block-heading\"><strong>De nouvelles formes d\u2019engagement<\/strong><\/h3>\n\n\n\n<p>La g\u00e9n\u00e9ration Z s\u2019organise diff\u00e9remment des g\u00e9n\u00e9rations pr\u00e9c\u00e9dentes. Gr\u00e2ce aux r\u00e9seaux sociaux comme Facebook, TikTok ou WhatsApp, les jeunes r\u00e9ussissent \u00e0 mobiliser rapidement, partager de l\u2019information et exprimer leurs opinions. Un exemple marquant est la campagne #Mon\u00c9coleMonAvenir, lanc\u00e9e sur Facebook et TikTok par des jeunes de Ouagadougou pour sensibiliser \u00e0 la r\u00e9novation des \u00e9tablissements publics d\u00e9grad\u00e9s. En quelques jours, la mobilisation a r\u00e9uni des centaines d\u2019\u00e9l\u00e8ves et d\u2019\u00e9tudiants publiant des vid\u00e9os montrant l\u2019\u00e9tat de leurs \u00e9coles, tout en proposant des actions concr\u00e8tes de nettoyage et de peinture collective. Ce mouvement, relay\u00e9 ensuite par plusieurs associations locales, a illustr\u00e9 la puissance des r\u00e9seaux sociaux comme moteur d\u2019engagement citoyen et communautaire. Ils privil\u00e9gient des actions cr\u00e9atives et spontan\u00e9es, souvent hors des structures politiques traditionnelles : campagnes en ligne, d\u00e9bats citoyens, actions de volontariat, ou encore initiatives locales dans les \u00e9coles et universit\u00e9s. Les influenceurs et jeunes leaders associatifs jouent un r\u00f4le important en servant de relais entre la rue, les communaut\u00e9s et les institutions.<\/p>\n\n\n\n<h3 class=\"wp-block-heading\"><strong>D\u00e9fis et perspectives<\/strong><\/h3>\n\n\n\n<div class=\"wp-block-columns is-layout-flex wp-container-core-columns-is-layout-9d6595d7 wp-block-columns-is-layout-flex\">\n<div class=\"wp-block-column is-layout-flow wp-block-column-is-layout-flow\">\n<figure class=\"wp-block-image size-full\"><img loading=\"lazy\" decoding=\"async\" width=\"1750\" height=\"875\" src=\"https:\/\/youthdemocracycohort.com\/wp-content\/uploads\/2026\/02\/Photo-1.png\" alt=\"Reboisement \u00a9 Souleymane Ou\u00e9draogo\" class=\"wp-image-19778\" srcset=\"https:\/\/youthdemocracycohort.com\/wp-content\/uploads\/2026\/02\/Photo-1.png 1750w, https:\/\/youthdemocracycohort.com\/wp-content\/uploads\/2026\/02\/Photo-1-322x161.png 322w, https:\/\/youthdemocracycohort.com\/wp-content\/uploads\/2026\/02\/Photo-1-161x81.png 161w, https:\/\/youthdemocracycohort.com\/wp-content\/uploads\/2026\/02\/Photo-1-768x384.png 768w, https:\/\/youthdemocracycohort.com\/wp-content\/uploads\/2026\/02\/Photo-1-1536x768.png 1536w\" sizes=\"auto, (max-width: 1750px) 100vw, 1750px\" \/><figcaption class=\"wp-element-caption\">Reboisement \u00a9 Souleymane Ou\u00e9draogo<\/figcaption><\/figure>\n<\/div>\n\n\n\n<div class=\"wp-block-column is-layout-flow wp-block-column-is-layout-flow\">\n<p>Si la jeunesse burkinab\u00e8 d\u00e9montre un engagement croissant, elle se heurte encore \u00e0 plusieurs d\u00e9fis : faible \u00e9coute institutionnelle, r\u00e9cup\u00e9ration politique, d\u00e9sinformation, et parfois r\u00e9pression des mouvements citoyens. Pourtant, cette \u00e9nergie repr\u00e9sente une v\u00e9ritable opportunit\u00e9 pour la d\u00e9mocratie.&nbsp;<\/p>\n<\/div>\n<\/div>\n\n\n\n<p>Les obstacles rencontr\u00e9s par la jeunesse burkinab\u00e8 ont profond\u00e9ment fa\u00e7onn\u00e9 leurs modes d\u2019action. Face \u00e0 la d\u00e9sinformation, les jeunes investissent les r\u00e9seaux sociaux non seulement pour s\u2019exprimer, mais aussi pour informer. Ils ont compris que la bataille des id\u00e9es se joue en ligne. Ainsi, de nouveaux collectifs comme InfoJeunes Burkina ou SahelCheck s\u2019imposent dans la v\u00e9rification des faits et la diffusion de contenus fiables. Ces initiatives renforcent l\u2019esprit critique et encouragent une culture num\u00e9rique plus responsable.<\/p>\n\n\n\n<p>Face \u00e0 la r\u00e9pression, la g\u00e9n\u00e9ration Z privil\u00e9gie des strat\u00e9gies de mobilisation plus cr\u00e9atives et moins frontales. Au lieu de grandes manifestations risqu\u00e9es, ils optent pour des campagnes symboliques, des actions communautaires (nettoyages, reboisements, ateliers civiques), ou des performances artistiques (slams, vid\u00e9os, affiches) pour faire passer leurs messages sans confrontation directe.<\/p>\n\n\n\n<p>Face au manque d\u2019\u00e9coute institutionnelle, beaucoup de jeunes choisissent d\u2019agir \u00e0 la base. Ils s\u2019impliquent dans des associations locales, cr\u00e9ent des clubs citoyens dans les \u00e9coles ou des collectifs de jeunes leaders dans les communes. Cette approche \u201cpar le bas\u201d leur permet d\u2019avoir un impact concret et de construire, petit \u00e0 petit, un dialogue social avec les autorit\u00e9s locales.<\/p>\n\n\n\n<p>Ainsi, ces d\u00e9fis ne freinent pas la jeunesse burkinab\u00e8 ; ils la poussent \u00e0 inventer des formes d\u2019engagement plus autonomes, ancr\u00e9es dans la solidarit\u00e9 et la cr\u00e9ativit\u00e9. Avec un accompagnement adapt\u00e9, un espace d\u2019expression s\u00e9curis\u00e9 et des formations en leadership civique, la g\u00e9n\u00e9ration Z pourrait devenir le moteur du renouveau d\u00e9mocratique au Burkina Faso.<\/p>\n\n\n\n<blockquote class=\"wp-block-quote is-style-default has-orange-background-color has-text-color has-background has-link-color wp-elements-d37dc24f68b0a02cded08c77c4e89a2d is-layout-flow wp-block-quote-is-layout-flow\" style=\"color:#ffffff\">\n<p class=\"has-text-align-center\"><br><strong>Members of the YDC who contributed to this section: <\/strong><br>Association pour la Sauvegarde de l\u2019Environnement et le D\u00e9veloppement Durable (ASEDD)<br><br><\/p>\n<\/blockquote>\n\n\n\n<h3 class=\"wp-block-heading\"><strong><strong>Continuer la lecture :<\/strong><\/strong><\/h3>\n\n\n\n<div class=\"wp-block-columns is-layout-flex wp-container-core-columns-is-layout-9d6595d7 wp-block-columns-is-layout-flex\">\n<div class=\"wp-block-column is-layout-flow wp-block-column-is-layout-flow\">\n<figure class=\"wp-block-image size-full\"><a href=\"https:\/\/youthdemocracycohort.com\/fr\/stories\/voices-of-change-indonesia\/\"><img loading=\"lazy\" decoding=\"async\" width=\"2560\" height=\"1440\" src=\"https:\/\/youthdemocracycohort.com\/wp-content\/uploads\/2026\/02\/Banner-Indonesia-scaled.png\" alt=\"Indonesia\" class=\"wp-image-19753\" srcset=\"https:\/\/youthdemocracycohort.com\/wp-content\/uploads\/2026\/02\/Banner-Indonesia-scaled.png 2560w, https:\/\/youthdemocracycohort.com\/wp-content\/uploads\/2026\/02\/Banner-Indonesia-322x181.png 322w, https:\/\/youthdemocracycohort.com\/wp-content\/uploads\/2026\/02\/Banner-Indonesia-161x91.png 161w, https:\/\/youthdemocracycohort.com\/wp-content\/uploads\/2026\/02\/Banner-Indonesia-768x432.png 768w, https:\/\/youthdemocracycohort.com\/wp-content\/uploads\/2026\/02\/Banner-Indonesia-1536x864.png 1536w, https:\/\/youthdemocracycohort.com\/wp-content\/uploads\/2026\/02\/Banner-Indonesia-2048x1152.png 2048w\" sizes=\"auto, (max-width: 2560px) 100vw, 2560px\" \/><\/a><\/figure>\n<\/div>\n\n\n\n<div class=\"wp-block-column is-layout-flow wp-block-column-is-layout-flow\">\n<figure class=\"wp-block-image size-full\"><a href=\"https:\/\/youthdemocracycohort.com\/fr\/stories\/voices-of-change-nepal\/\"><img loading=\"lazy\" decoding=\"async\" width=\"2560\" height=\"1440\" src=\"https:\/\/youthdemocracycohort.com\/wp-content\/uploads\/2026\/02\/Nepal-scaled.png\" alt=\"Nepal\" class=\"wp-image-19725\" srcset=\"https:\/\/youthdemocracycohort.com\/wp-content\/uploads\/2026\/02\/Nepal-scaled.png 2560w, https:\/\/youthdemocracycohort.com\/wp-content\/uploads\/2026\/02\/Nepal-322x181.png 322w, https:\/\/youthdemocracycohort.com\/wp-content\/uploads\/2026\/02\/Nepal-161x91.png 161w, https:\/\/youthdemocracycohort.com\/wp-content\/uploads\/2026\/02\/Nepal-768x432.png 768w, https:\/\/youthdemocracycohort.com\/wp-content\/uploads\/2026\/02\/Nepal-1536x864.png 1536w, https:\/\/youthdemocracycohort.com\/wp-content\/uploads\/2026\/02\/Nepal-2048x1152.png 2048w\" sizes=\"auto, (max-width: 2560px) 100vw, 2560px\" \/><\/a><\/figure>\n<\/div>\n\n\n\n<div class=\"wp-block-column is-layout-flow wp-block-column-is-layout-flow\">\n<figure class=\"wp-block-image size-full\"><a href=\"https:\/\/youthdemocracycohort.com\/fr\/stories\/voices-of-change-bangladesh\/\"><img loading=\"lazy\" decoding=\"async\" width=\"2560\" height=\"1440\" src=\"https:\/\/youthdemocracycohort.com\/wp-content\/uploads\/2026\/02\/Bangladesh-scaled.png\" alt=\"Bangladesh\" class=\"wp-image-19723\" srcset=\"https:\/\/youthdemocracycohort.com\/wp-content\/uploads\/2026\/02\/Bangladesh-scaled.png 2560w, https:\/\/youthdemocracycohort.com\/wp-content\/uploads\/2026\/02\/Bangladesh-322x181.png 322w, https:\/\/youthdemocracycohort.com\/wp-content\/uploads\/2026\/02\/Bangladesh-161x91.png 161w, https:\/\/youthdemocracycohort.com\/wp-content\/uploads\/2026\/02\/Bangladesh-768x432.png 768w, https:\/\/youthdemocracycohort.com\/wp-content\/uploads\/2026\/02\/Bangladesh-1536x864.png 1536w, https:\/\/youthdemocracycohort.com\/wp-content\/uploads\/2026\/02\/Bangladesh-2048x1152.png 2048w\" sizes=\"auto, (max-width: 2560px) 100vw, 2560px\" \/><\/a><\/figure>\n<\/div>\n\n\n\n<div class=\"wp-block-column is-layout-flow wp-block-column-is-layout-flow\">\n<figure class=\"wp-block-image size-full\"><a href=\"https:\/\/youthdemocracycohort.com\/fr\/stories\/voices-of-change-tanzania\/\"><img loading=\"lazy\" decoding=\"async\" width=\"2560\" height=\"1440\" src=\"https:\/\/youthdemocracycohort.com\/wp-content\/uploads\/2026\/02\/Banner-Tanzania-scaled.png\" alt=\"Tanzania\" class=\"wp-image-19765\" srcset=\"https:\/\/youthdemocracycohort.com\/wp-content\/uploads\/2026\/02\/Banner-Tanzania-scaled.png 2560w, https:\/\/youthdemocracycohort.com\/wp-content\/uploads\/2026\/02\/Banner-Tanzania-322x181.png 322w, https:\/\/youthdemocracycohort.com\/wp-content\/uploads\/2026\/02\/Banner-Tanzania-161x91.png 161w, https:\/\/youthdemocracycohort.com\/wp-content\/uploads\/2026\/02\/Banner-Tanzania-768x432.png 768w, https:\/\/youthdemocracycohort.com\/wp-content\/uploads\/2026\/02\/Banner-Tanzania-1536x864.png 1536w, https:\/\/youthdemocracycohort.com\/wp-content\/uploads\/2026\/02\/Banner-Tanzania-2048x1152.png 2048w\" sizes=\"auto, (max-width: 2560px) 100vw, 2560px\" \/><\/a><\/figure>\n<\/div>\n<\/div>\n\n\n\n<div class=\"wp-block-buttons is-content-justification-center is-layout-flex wp-container-core-buttons-is-layout-16018d1d wp-block-buttons-is-layout-flex\">\n<div class=\"wp-block-button\"><a class=\"wp-block-button__link has-dark-blue-color has-text-color has-background has-link-color has-text-align-center wp-element-button\" href=\"https:\/\/youthdemocracycohort.com\/voices-of-change\/\" style=\"background-color:#ffde59\"><strong>Go back to the campaign<\/strong><\/a><\/div>\n<\/div>\n\n\n\n<div style=\"height:11px\" aria-hidden=\"true\" class=\"wp-block-spacer\"><\/div>\n\n\n\n<p><\/p>\n","protected":false},"excerpt":{"rendered":"<p>Date:&nbsp;24 November 2025 Depuis la crise s\u00e9curitaire de 2022, la jeunesse burkinab\u00e8, en particulier la g\u00e9n\u00e9ration Z, se distingue par une forte volont\u00e9 de changement politique et de la gouvernance. N\u00e9s dans un contexte marqu\u00e9 par l\u2019instabilit\u00e9 politique, l\u2019ins\u00e9curit\u00e9 et le ch\u00f4mage, ces jeunes ont exprim\u00e9 ouvertement [&hellip;]<\/p>\n","protected":false},"featured_media":19748,"template":"","meta":{"_acf_changed":false,"inline_featured_image":false,"_monsterinsights_skip_tracking":false,"_monsterinsights_sitenote_active":false,"_monsterinsights_sitenote_note":"","_monsterinsights_sitenote_category":0,"footnotes":""},"story-category":[25],"project-category":[],"project-region":[],"story-tag":[],"class_list":["post-19739","storiesprojects","type-storiesprojects","status-publish","has-post-thumbnail","hentry","story-category-story"],"acf":[],"aioseo_notices":[],"jetpack_sharing_enabled":true,"_links":{"self":[{"href":"https:\/\/youthdemocracycohort.com\/fr\/wp-json\/wp\/v2\/storiesprojects\/19739","targetHints":{"allow":["GET"]}}],"collection":[{"href":"https:\/\/youthdemocracycohort.com\/fr\/wp-json\/wp\/v2\/storiesprojects"}],"about":[{"href":"https:\/\/youthdemocracycohort.com\/fr\/wp-json\/wp\/v2\/types\/storiesprojects"}],"version-history":[{"count":23,"href":"https:\/\/youthdemocracycohort.com\/fr\/wp-json\/wp\/v2\/storiesprojects\/19739\/revisions"}],"predecessor-version":[{"id":20098,"href":"https:\/\/youthdemocracycohort.com\/fr\/wp-json\/wp\/v2\/storiesprojects\/19739\/revisions\/20098"}],"wp:featuredmedia":[{"embeddable":true,"href":"https:\/\/youthdemocracycohort.com\/fr\/wp-json\/wp\/v2\/media\/19748"}],"wp:attachment":[{"href":"https:\/\/youthdemocracycohort.com\/fr\/wp-json\/wp\/v2\/media?parent=19739"}],"wp:term":[{"taxonomy":"story-category","embeddable":true,"href":"https:\/\/youthdemocracycohort.com\/fr\/wp-json\/wp\/v2\/story-category?post=19739"},{"taxonomy":"project-category","embeddable":true,"href":"https:\/\/youthdemocracycohort.com\/fr\/wp-json\/wp\/v2\/project-category?post=19739"},{"taxonomy":"project-region","embeddable":true,"href":"https:\/\/youthdemocracycohort.com\/fr\/wp-json\/wp\/v2\/project-region?post=19739"},{"taxonomy":"story-tag","embeddable":true,"href":"https:\/\/youthdemocracycohort.com\/fr\/wp-json\/wp\/v2\/story-tag?post=19739"}],"curies":[{"name":"wp","href":"https:\/\/api.w.org\/{rel}","templated":true}]}}