{"id":20070,"date":"2026-02-09T07:05:48","date_gmt":"2026-02-09T07:05:48","guid":{"rendered":"https:\/\/youthdemocracycohort.com\/stories\/voices-of-change-peru\/"},"modified":"2026-02-13T09:15:34","modified_gmt":"2026-02-13T09:15:34","slug":"voices-of-change-peru","status":"publish","type":"storiesprojects","link":"https:\/\/youthdemocracycohort.com\/fr\/stories\/voices-of-change-peru\/","title":{"rendered":"Voices of Change: P\u00e9rou"},"content":{"rendered":"\n<div style=\"height:30px\" aria-hidden=\"true\" class=\"wp-block-spacer\"><\/div>\n\n\n\n<p class=\"has-text-align-center\"><em><strong>Date :<\/strong> 14 novembre 2025<\/em><\/p>\n\n\n\n<h2 class=\"wp-block-heading\"><strong>Chronique intime d&rsquo;une jeunesse qui n&rsquo;abandonne pas au P\u00e9rou<\/strong><\/h2>\n\n\n\n<p>J&rsquo;avais vingt ans lorsque j&rsquo;ai particip\u00e9 pour la premi\u00e8re fois \u00e0 une marche. \u00c0 cet \u00e2ge, on croit d\u00e9couvrir la vie, mais j&rsquo;avais l&rsquo;impression d&rsquo;apprendre \u00e0 la d\u00e9fendre. Quand je parle des jeunes du P\u00e9rou, je ne parle pas de statistiques ou de gros titres. Je parle de nous. Des nuits o\u00f9 nous revenons d&rsquo;une marche la gorge br\u00fblante, le c\u0153ur agit\u00e9 et le corps tremblant, non seulement \u00e0 cause des gaz lacrymog\u00e8nes, mais aussi parce que nous avons le sentiment d&rsquo;avoir surv\u00e9cu \u00e0 quelque chose qui ne devrait jamais \u00eatre normal. Je parle de la fatigue accumul\u00e9e, mais aussi de l&rsquo;espoir qui refuse de mourir.     <\/p>\n\n\n\n<p>J&rsquo;ai grandi dans un pays o\u00f9 la politique est constamment fractur\u00e9e. O\u00f9 la corruption va plus vite que les solutions, et o\u00f9 la vie des jeunes, en particulier des Afro-P\u00e9ruviens, des communaut\u00e9s autochtones et les habitants des quartiers populaires, est encore sous-estim\u00e9e par ceux qui gouvernent. Pourtant, j&rsquo;ai aussi grandi dans un pays o\u00f9, malgr\u00e9 la peur, nous avons appris \u00e0 nous organiser, \u00e0 nous prot\u00e9ger les uns les autres, \u00e0 nous serrer les uns contre les autres sans avoir besoin de parler.  <\/p>\n\n\n\n<p>Et maintenant, une fois de plus, en octobre 2025, nous sommes retourn\u00e9s dans la rue. On dit que nous protestons contre les retraites, la corruption et l&rsquo;ins\u00e9curit\u00e9. C&rsquo;est vrai. Mais au fond, nous manifestons parce que nous sentons notre avenir nous \u00e9chapper des mains. Parce que nous en avons assez que les d\u00e9cisions soient prises loin de nos r\u00e9alit\u00e9s. Parce que nous en avons assez qu&rsquo;on nous dise que nous sommes trop jeunes pour comprendre, alors que c&rsquo;est nous qui en subissons les cons\u00e9quences tous les jours.     <\/p>\n\n\n\n<figure class=\"wp-block-image size-full\"><a href=\"https:\/\/gypi.epd.eu\/country-reports\/pe\" target=\"_blank\" rel=\" noreferrer noopener\"><img loading=\"lazy\" decoding=\"async\" width=\"1920\" height=\"600\" src=\"https:\/\/youthdemocracycohort.com\/wp-content\/uploads\/2026\/02\/FR-Peru-Gen-Z.gif\" alt=\"GYPI - P\u00c9ROU\" class=\"wp-image-19987\"\/><\/a><\/figure>\n\n\n\n<p>Pourtant, ce n&rsquo;est pas notre col\u00e8re qui est la plus pr\u00e9cieuse, mais la fa\u00e7on dont nous r\u00e9sistons.<\/p>\n\n\n\n<p>Nous nous organisons sur les m\u00e9dias sociaux, certes, mais aussi dans les cuisines, dans les parcs, dans les universit\u00e9s et dans des rassemblements spontan\u00e9s o\u00f9 la politique se m\u00eale \u00e0 la tendresse et \u00e0 la communaut\u00e9. Dans nos marches, l&rsquo;art s&rsquo;\u00e9l\u00e8ve comme un souffle : peintures murales, chansons, corps peints, po\u00e8mes sur des cartons recycl\u00e9s. La protestation devient cr\u00e9ativit\u00e9. La protestation devient m\u00e9moire. La protestation devient r\u00e9paration.    <\/p>\n\n\n\n<p>Dans un pays o\u00f9 la r\u00e9pression est r\u00e9elle, l&rsquo;entraide fait d\u00e9sormais partie int\u00e9grante du mouvement. Nous nous apprenons \u00e0 courir ensemble, \u00e0 identifier les dangers, \u00e0 partager l&rsquo;eau, \u00e0 lire la peur dans les yeux d&rsquo;autrui. R\u00e9sister, c&rsquo;est aussi rester proche. Nous pleurons aussi ensemble. C&rsquo;est aussi revenir le lendemain.    <\/p>\n\n\n\n<p>\u00c0 l&rsquo;\u00e9tranger, beaucoup voient le P\u00e9rou comme un pays en proie \u00e0 des \u00e9ruptions politiques constantes, mais derri\u00e8re chacune d&rsquo;entre elles se cachent des jeunes qui croient encore en la d\u00e9mocratie &#8211; m\u00eame si la d\u00e9mocratie n&rsquo;a pas toujours cru en nous. Nous ne voulons pas seulement la prot\u00e9ger : nous voulons la transformer. Nous voulons une d\u00e9mocratie o\u00f9 la manifestation n&rsquo;est pas criminalis\u00e9e, o\u00f9 la m\u00e9moire compte, o\u00f9 les jeunes ne meurent pas pour avoir brandi une pancarte, o\u00f9 la justice n&rsquo;est pas facultative, o\u00f9 notre voix n&rsquo;est pas trait\u00e9e comme un bruit, mais comme un \u00e9l\u00e9ment n\u00e9cessaire de la nation.  <\/p>\n\n\n\n<p>Ce qui se passe aujourd&rsquo;hui au P\u00e9rou n&rsquo;est pas un moment passager. C&rsquo;est une g\u00e9n\u00e9ration qui refuse de se taire. Une g\u00e9n\u00e9ration qui \u00e9crit \u00e0 partir de ses blessures, mais aussi de son espoir. Une g\u00e9n\u00e9ration qui a appris que la dignit\u00e9 ne se donne pas &#8211; elle se construit ; que l&rsquo;avenir ne s&rsquo;attend pas &#8211; il se combat ; que le changement ne se d\u00e9clare pas &#8211; il se vit.   <\/p>\n\n\n\n<p>Je ne l&rsquo;\u00e9cris pas seulement en tant que jeune, mais en tant que t\u00e9moin de la force, des larmes, de la cr\u00e9ativit\u00e9, de la juste col\u00e8re, de l&rsquo;\u00e9puisement et de la foi in\u00e9branlable de cette g\u00e9n\u00e9ration. J&rsquo;\u00e9cris parce que notre histoire m\u00e9rite d&rsquo;\u00eatre racont\u00e9e avec le m\u00eame c\u0153ur qui nous soutient chaque jour. <\/p>\n\n\n\n<p>Et parce que, m\u00eame si cela fait parfois mal de l&rsquo;admettre, dans ce pays, nous continuons \u00e0 marcher non par habitude, mais par amour.<\/p>\n\n\n\n<blockquote class=\"wp-block-quote is-style-default has-orange-background-color has-text-color has-background has-link-color wp-elements-b213ced3dcd88a6568a77722dd6a7f56 is-layout-flow wp-block-quote-is-layout-flow\" style=\"color:#ffffff\">\n<p class=\"has-text-align-center\"><br><strong>Membres de la YDC ayant contribu\u00e9 \u00e0 cette section : <\/strong><br>Carmen Trasmonte Lavalle<br><br><\/p>\n<\/blockquote>\n\n\n\n<h3 class=\"wp-block-heading\"><strong>Poursuivez votre lecture :<\/strong><\/h3>\n\n\n\n<div class=\"wp-block-columns is-layout-flex wp-container-core-columns-is-layout-9d6595d7 wp-block-columns-is-layout-flex\">\n<div class=\"wp-block-column is-layout-flow wp-block-column-is-layout-flow\">\n<figure class=\"wp-block-image size-full\"><a href=\"https:\/\/youthdemocracycohort.com\/fr\/stories\/voices-of-change-indonesia\/\"><img loading=\"lazy\" decoding=\"async\" width=\"2560\" height=\"1440\" src=\"https:\/\/youthdemocracycohort.com\/wp-content\/uploads\/2026\/02\/Banner-Indonesia-scaled.png\" alt=\"Indon\u00e9sie\" class=\"wp-image-19753\" srcset=\"https:\/\/youthdemocracycohort.com\/wp-content\/uploads\/2026\/02\/Banner-Indonesia-scaled.png 2560w, https:\/\/youthdemocracycohort.com\/wp-content\/uploads\/2026\/02\/Banner-Indonesia-322x181.png 322w, https:\/\/youthdemocracycohort.com\/wp-content\/uploads\/2026\/02\/Banner-Indonesia-161x91.png 161w, https:\/\/youthdemocracycohort.com\/wp-content\/uploads\/2026\/02\/Banner-Indonesia-768x432.png 768w, https:\/\/youthdemocracycohort.com\/wp-content\/uploads\/2026\/02\/Banner-Indonesia-1536x864.png 1536w, https:\/\/youthdemocracycohort.com\/wp-content\/uploads\/2026\/02\/Banner-Indonesia-2048x1152.png 2048w\" sizes=\"auto, (max-width: 2560px) 100vw, 2560px\" \/><\/a><\/figure>\n<\/div>\n\n\n\n<div class=\"wp-block-column is-layout-flow wp-block-column-is-layout-flow\">\n<figure class=\"wp-block-image size-full\"><a href=\"https:\/\/youthdemocracycohort.com\/fr\/stories\/voices-of-change-nepal\/\"><img decoding=\"async\" src=\"https:\/\/youthdemocracycohort.com\/wp-content\/uploads\/2026\/02\/Banner-.png\" alt=\"N\u00e9pal\" class=\"wp-image-19725\"\/><\/a><\/figure>\n<\/div>\n\n\n\n<div class=\"wp-block-column is-layout-flow wp-block-column-is-layout-flow\">\n<figure class=\"wp-block-image size-full\"><a href=\"https:\/\/youthdemocracycohort.com\/fr\/?post_type=storiesprojects&amp;p=19782&amp;preview=true&amp;_thumbnail_id=19785\"><img loading=\"lazy\" decoding=\"async\" width=\"2560\" height=\"1440\" src=\"https:\/\/youthdemocracycohort.com\/wp-content\/uploads\/2026\/02\/Bangladesh-scaled.png\" alt=\"Bangladesh\" class=\"wp-image-19723\" srcset=\"https:\/\/youthdemocracycohort.com\/wp-content\/uploads\/2026\/02\/Bangladesh-scaled.png 2560w, https:\/\/youthdemocracycohort.com\/wp-content\/uploads\/2026\/02\/Bangladesh-322x181.png 322w, https:\/\/youthdemocracycohort.com\/wp-content\/uploads\/2026\/02\/Bangladesh-161x91.png 161w, https:\/\/youthdemocracycohort.com\/wp-content\/uploads\/2026\/02\/Bangladesh-768x432.png 768w, https:\/\/youthdemocracycohort.com\/wp-content\/uploads\/2026\/02\/Bangladesh-1536x864.png 1536w, https:\/\/youthdemocracycohort.com\/wp-content\/uploads\/2026\/02\/Bangladesh-2048x1152.png 2048w\" sizes=\"auto, (max-width: 2560px) 100vw, 2560px\" \/><\/a><\/figure>\n<\/div>\n\n\n\n<div class=\"wp-block-column is-layout-flow wp-block-column-is-layout-flow\">\n<figure class=\"wp-block-image size-full\"><a href=\"https:\/\/youthdemocracycohort.com\/fr\/stories\/voices-of-change-tanzania\/\"><img decoding=\"async\" src=\"https:\/\/youthdemocracycohort.com\/wp-content\/uploads\/2026\/02\/Banner-FR-1.png\" alt=\"Tanzanie\" class=\"wp-image-19765\"\/><\/a><\/figure>\n<\/div>\n<\/div>\n\n\n\n<div class=\"wp-block-buttons is-content-justification-center is-layout-flex wp-container-core-buttons-is-layout-16018d1d wp-block-buttons-is-layout-flex\">\n<div class=\"wp-block-button\"><a class=\"wp-block-button__link has-dark-blue-color has-text-color has-background has-link-color has-text-align-center wp-element-button\" href=\"https:\/\/youthdemocracycohort.com\/fr\/voices-of-change\/\" style=\"background-color:#ffde59\"><strong>Retourner \u00e0 la campagne<\/strong><\/a><\/div>\n<\/div>\n\n\n\n<p><\/p>\n","protected":false},"excerpt":{"rendered":"<p>Date : 14 novembre 2025 Chronique intime d&rsquo;une jeunesse qui n&rsquo;abandonne pas au P\u00e9rou J&rsquo;avais vingt ans lorsque j&rsquo;ai particip\u00e9 pour la premi\u00e8re fois \u00e0 une marche. \u00c0 cet \u00e2ge, on croit d\u00e9couvrir la vie, mais j&rsquo;avais l&rsquo;impression d&rsquo;apprendre \u00e0 la d\u00e9fendre. Quand je parle des jeunes [&hellip;]<\/p>\n","protected":false},"featured_media":19833,"template":"","meta":{"_acf_changed":false,"inline_featured_image":false,"_monsterinsights_skip_tracking":false,"_monsterinsights_sitenote_active":false,"_monsterinsights_sitenote_note":"","_monsterinsights_sitenote_category":0,"footnotes":""},"story-category":[25],"project-category":[],"project-region":[],"story-tag":[],"class_list":["post-20070","storiesprojects","type-storiesprojects","status-publish","has-post-thumbnail","hentry","story-category-story"],"acf":[],"aioseo_notices":[],"jetpack_sharing_enabled":true,"_links":{"self":[{"href":"https:\/\/youthdemocracycohort.com\/fr\/wp-json\/wp\/v2\/storiesprojects\/20070","targetHints":{"allow":["GET"]}}],"collection":[{"href":"https:\/\/youthdemocracycohort.com\/fr\/wp-json\/wp\/v2\/storiesprojects"}],"about":[{"href":"https:\/\/youthdemocracycohort.com\/fr\/wp-json\/wp\/v2\/types\/storiesprojects"}],"version-history":[{"count":2,"href":"https:\/\/youthdemocracycohort.com\/fr\/wp-json\/wp\/v2\/storiesprojects\/20070\/revisions"}],"predecessor-version":[{"id":20108,"href":"https:\/\/youthdemocracycohort.com\/fr\/wp-json\/wp\/v2\/storiesprojects\/20070\/revisions\/20108"}],"wp:featuredmedia":[{"embeddable":true,"href":"https:\/\/youthdemocracycohort.com\/fr\/wp-json\/wp\/v2\/media\/19833"}],"wp:attachment":[{"href":"https:\/\/youthdemocracycohort.com\/fr\/wp-json\/wp\/v2\/media?parent=20070"}],"wp:term":[{"taxonomy":"story-category","embeddable":true,"href":"https:\/\/youthdemocracycohort.com\/fr\/wp-json\/wp\/v2\/story-category?post=20070"},{"taxonomy":"project-category","embeddable":true,"href":"https:\/\/youthdemocracycohort.com\/fr\/wp-json\/wp\/v2\/project-category?post=20070"},{"taxonomy":"project-region","embeddable":true,"href":"https:\/\/youthdemocracycohort.com\/fr\/wp-json\/wp\/v2\/project-region?post=20070"},{"taxonomy":"story-tag","embeddable":true,"href":"https:\/\/youthdemocracycohort.com\/fr\/wp-json\/wp\/v2\/story-tag?post=20070"}],"curies":[{"name":"wp","href":"https:\/\/api.w.org\/{rel}","templated":true}]}}