{"id":21438,"date":"2026-04-07T11:49:32","date_gmt":"2026-04-07T11:49:32","guid":{"rendered":"https:\/\/youthdemocracycohort.com\/?post_type=storiesprojects&#038;p=21438"},"modified":"2026-04-07T11:49:35","modified_gmt":"2026-04-07T11:49:35","slug":"festic","status":"publish","type":"storiesprojects","link":"https:\/\/youthdemocracycohort.com\/fr\/stories\/festic\/","title":{"rendered":"FESTIC  &#8211; Association des Femmes S\u00e9n\u00e9galaises des TIC"},"content":{"rendered":"\n<div class=\"wp-block-columns is-layout-flex wp-container-core-columns-is-layout-9d6595d7 wp-block-columns-is-layout-flex\">\n<div class=\"wp-block-column is-layout-flow wp-block-column-is-layout-flow\"><\/div>\n\n\n\n<div class=\"wp-block-column is-layout-flow wp-block-column-is-layout-flow\" style=\"flex-basis:1000px\">\n<div style=\"height:51px\" aria-hidden=\"true\" class=\"wp-block-spacer\"><\/div>\n\n\n\n<div class=\"wp-block-group is-nowrap is-layout-flex wp-container-core-group-is-layout-ad2f72ca wp-block-group-is-layout-flex\">\n<p class=\"has-light-blue-background-color has-text-color has-background has-link-color wp-elements-24ec3275f9dcb3779690645722fdcf85\" style=\"color:#ffffff\">Le projet Digitalise Youth &#8211; Jeunes acteurs de la d\u00e9mocratie num\u00e9rique est un projet de plaidoyer qui vise \u00e0 renforcer la participation d\u00e9mocratique des jeunes \u00e0 travers la d\u00e9fense de leurs droits num\u00e9riques. Il cherche \u00e0 promouvoir un espace num\u00e9rique ouvert, s\u00fbr et inclusif tout en engageant les jeunes dans un dialogue structur\u00e9 avec les autorit\u00e9s publiques.<\/p>\n<\/div>\n\n\n\n<div style=\"height:38px\" aria-hidden=\"true\" class=\"wp-block-spacer\"><\/div>\n\n\n\n<h2 class=\"wp-block-heading has-text-align-left\"><strong>Activit\u00e9s<\/strong><\/h2>\n\n\n\n<ul class=\"wp-block-list\">\n<li>Renforcement des capacit\u00e9s des jeunes sur les droits num\u00e9riques<\/li>\n\n\n\n<li>\u00c9laboration d\u2019un document de plaidoyer jeunesse<\/li>\n\n\n\n<li>Dialogues multipartites avec les autorit\u00e9s nationales<\/li>\n\n\n\n<li>Campagne num\u00e9rique de plaidoyer<\/li>\n<\/ul>\n\n\n\n<div style=\"height:24px\" aria-hidden=\"true\" class=\"wp-block-spacer\"><\/div>\n\n\n\n<h2 class=\"wp-block-heading has-text-align-left\"><strong>R\u00e9sultats attendus<\/strong><\/h2>\n\n\n\n<div style=\"height:38px\" aria-hidden=\"true\" class=\"wp-block-spacer\"><\/div>\n\n\n\n<div class=\"wp-block-columns is-layout-flex wp-container-core-columns-is-layout-9d6595d7 wp-block-columns-is-layout-flex\">\n<div class=\"wp-block-column is-layout-flow wp-block-column-is-layout-flow\"><div class=\"wp-block-image\">\n<figure class=\"aligncenter size-full is-resized\"><img loading=\"lazy\" decoding=\"async\" width=\"500\" height=\"500\" src=\"https:\/\/youthdemocracycohort.com\/wp-content\/uploads\/2025\/08\/2-1.png\" alt=\"1\" class=\"wp-image-16540\" style=\"width:80px;height:auto\" srcset=\"https:\/\/youthdemocracycohort.com\/wp-content\/uploads\/2025\/08\/2-1.png 500w, https:\/\/youthdemocracycohort.com\/wp-content\/uploads\/2025\/08\/2-1-322x322.png 322w, https:\/\/youthdemocracycohort.com\/wp-content\/uploads\/2025\/08\/2-1-161x161.png 161w\" sizes=\"auto, (max-width: 500px) 100vw, 500px\" \/><\/figure>\n<\/div>\n\n\n<p class=\"has-text-align-center\">Au moins <strong>100 jeunes form\u00e9s<\/strong>, avec des supports p\u00e9dagogiques et un guide simplifi\u00e9 sur les droits num\u00e9riques.\u00a0<br><\/p>\n<\/div>\n\n\n\n<div class=\"wp-block-column is-layout-flow wp-block-column-is-layout-flow\"><div class=\"wp-block-image\">\n<figure class=\"aligncenter size-full is-resized\"><img loading=\"lazy\" decoding=\"async\" width=\"500\" height=\"500\" src=\"https:\/\/youthdemocracycohort.com\/wp-content\/uploads\/2025\/08\/3-1.png\" alt=\"2\" class=\"wp-image-16542\" style=\"width:80px;height:auto\" srcset=\"https:\/\/youthdemocracycohort.com\/wp-content\/uploads\/2025\/08\/3-1.png 500w, https:\/\/youthdemocracycohort.com\/wp-content\/uploads\/2025\/08\/3-1-322x322.png 322w, https:\/\/youthdemocracycohort.com\/wp-content\/uploads\/2025\/08\/3-1-161x161.png 161w\" sizes=\"auto, (max-width: 500px) 100vw, 500px\" \/><\/figure>\n<\/div>\n\n\n<p class=\"has-text-align-center\">Un <strong>document de plaidoyer<\/strong> valid\u00e9 par les jeunes et diffus\u00e9 aupr\u00e8s des jeunes et des d\u00e9cideurs nationaux.<\/p>\n<\/div>\n<\/div>\n\n\n\n<div class=\"wp-block-columns is-layout-flex wp-container-core-columns-is-layout-9d6595d7 wp-block-columns-is-layout-flex\">\n<div class=\"wp-block-column is-layout-flow wp-block-column-is-layout-flow\"><div class=\"wp-block-image\">\n<figure class=\"aligncenter size-full is-resized\"><img loading=\"lazy\" decoding=\"async\" width=\"500\" height=\"500\" src=\"https:\/\/youthdemocracycohort.com\/wp-content\/uploads\/2025\/08\/4-1.png\" alt=\"3\" class=\"wp-image-16545\" style=\"width:80px;height:auto\" srcset=\"https:\/\/youthdemocracycohort.com\/wp-content\/uploads\/2025\/08\/4-1.png 500w, https:\/\/youthdemocracycohort.com\/wp-content\/uploads\/2025\/08\/4-1-322x322.png 322w, https:\/\/youthdemocracycohort.com\/wp-content\/uploads\/2025\/08\/4-1-161x161.png 161w\" sizes=\"auto, (max-width: 500px) 100vw, 500px\" \/><\/figure>\n<\/div>\n\n\n<p class=\"has-text-align-center\">\u00c9tablissement d&rsquo;un <strong>cadre de dialogue constructif <\/strong>permettant de formuler des recommandations concr\u00e8tes et de susciter des engagements des autorit\u00e9s en faveur d\u2019une meilleure participation des jeunes \u00e0 la prise de d\u00e9cision.<\/p>\n<\/div>\n\n\n\n<div class=\"wp-block-column is-layout-flow wp-block-column-is-layout-flow\"><div class=\"wp-block-image\">\n<figure class=\"aligncenter size-full is-resized\"><img loading=\"lazy\" decoding=\"async\" width=\"500\" height=\"500\" src=\"https:\/\/youthdemocracycohort.com\/wp-content\/uploads\/2025\/08\/5-1.png\" alt=\"4\" class=\"wp-image-16547\" style=\"width:80px;height:auto\" srcset=\"https:\/\/youthdemocracycohort.com\/wp-content\/uploads\/2025\/08\/5-1.png 500w, https:\/\/youthdemocracycohort.com\/wp-content\/uploads\/2025\/08\/5-1-322x322.png 322w, https:\/\/youthdemocracycohort.com\/wp-content\/uploads\/2025\/08\/5-1-161x161.png 161w\" sizes=\"auto, (max-width: 500px) 100vw, 500px\" \/><\/figure>\n<\/div>\n\n\n<p class=\"has-text-align-center\">Une campagne atteignant au moins <strong>10 000 personnes<\/strong> en ligne.<br><br><\/p>\n<\/div>\n<\/div>\n\n\n\n<div style=\"height:38px\" aria-hidden=\"true\" class=\"wp-block-spacer\"><\/div>\n\n\n\n<h2 class=\"wp-block-heading\">\u00c0 propos de FESTIC<\/h2>\n\n\n\n<ul class=\"wp-block-social-links has-icon-color has-icon-background-color is-style-default is-content-justification-center is-layout-flex wp-container-core-social-links-is-layout-16018d1d wp-block-social-links-is-layout-flex\"><li style=\"color:#ffffff;background-color:#5c84c3;\" class=\"wp-social-link wp-social-link-chain has-white-color has-light-blue-background-color wp-block-social-link\"><a rel=\"noopener nofollow\" target=\"_blank\" href=\"https:\/\/www.festicsn.com\/fr\" class=\"wp-block-social-link-anchor\"><svg width=\"24\" height=\"24\" viewBox=\"0 0 24 24\" version=\"1.1\" xmlns=\"http:\/\/www.w3.org\/2000\/svg\" aria-hidden=\"true\" focusable=\"false\"><path d=\"M15.6,7.2H14v1.5h1.6c2,0,3.7,1.7,3.7,3.7s-1.7,3.7-3.7,3.7H14v1.5h1.6c2.8,0,5.2-2.3,5.2-5.2,0-2.9-2.3-5.2-5.2-5.2zM4.7,12.4c0-2,1.7-3.7,3.7-3.7H10V7.2H8.4c-2.9,0-5.2,2.3-5.2,5.2,0,2.9,2.3,5.2,5.2,5.2H10v-1.5H8.4c-2,0-3.7-1.7-3.7-3.7zm4.6.9h5.3v-1.5H9.3v1.5z\"><\/path><\/svg><span class=\"wp-block-social-link-label screen-reader-text\">Lien<\/span><\/a><\/li>\n\n<li style=\"color:#ffffff;background-color:#5c84c3;\" class=\"wp-social-link wp-social-link-facebook has-white-color has-light-blue-background-color wp-block-social-link\"><a rel=\"noopener nofollow\" target=\"_blank\" href=\"https:\/\/www.facebook.com\/afestic\" class=\"wp-block-social-link-anchor\"><svg width=\"24\" height=\"24\" viewBox=\"0 0 24 24\" version=\"1.1\" xmlns=\"http:\/\/www.w3.org\/2000\/svg\" aria-hidden=\"true\" focusable=\"false\"><path d=\"M12 2C6.5 2 2 6.5 2 12c0 5 3.7 9.1 8.4 9.9v-7H7.9V12h2.5V9.8c0-2.5 1.5-3.9 3.8-3.9 1.1 0 2.2.2 2.2.2v2.5h-1.3c-1.2 0-1.6.8-1.6 1.6V12h2.8l-.4 2.9h-2.3v7C18.3 21.1 22 17 22 12c0-5.5-4.5-10-10-10z\"><\/path><\/svg><span class=\"wp-block-social-link-label screen-reader-text\">Facebook<\/span><\/a><\/li>\n\n<li style=\"color:#ffffff;background-color:#5c84c3;\" class=\"wp-social-link wp-social-link-linkedin has-white-color has-light-blue-background-color wp-block-social-link\"><a rel=\"noopener nofollow\" target=\"_blank\" href=\"https:\/\/www.linkedin.com\/company\/festic\/\" class=\"wp-block-social-link-anchor\"><svg width=\"24\" height=\"24\" viewBox=\"0 0 24 24\" version=\"1.1\" xmlns=\"http:\/\/www.w3.org\/2000\/svg\" aria-hidden=\"true\" focusable=\"false\"><path d=\"M19.7,3H4.3C3.582,3,3,3.582,3,4.3v15.4C3,20.418,3.582,21,4.3,21h15.4c0.718,0,1.3-0.582,1.3-1.3V4.3 C21,3.582,20.418,3,19.7,3z M8.339,18.338H5.667v-8.59h2.672V18.338z M7.004,8.574c-0.857,0-1.549-0.694-1.549-1.548 c0-0.855,0.691-1.548,1.549-1.548c0.854,0,1.547,0.694,1.547,1.548C8.551,7.881,7.858,8.574,7.004,8.574z M18.339,18.338h-2.669 v-4.177c0-0.996-0.017-2.278-1.387-2.278c-1.389,0-1.601,1.086-1.601,2.206v4.249h-2.667v-8.59h2.559v1.174h0.037 c0.356-0.675,1.227-1.387,2.526-1.387c2.703,0,3.203,1.779,3.203,4.092V18.338z\"><\/path><\/svg><span class=\"wp-block-social-link-label screen-reader-text\">LinkedIn<\/span><\/a><\/li><\/ul>\n\n\n\n<p>Cr\u00e9\u00e9e \u00e0 Dakar en 2018, <strong>FESTIC<\/strong> est une association s\u00e9n\u00e9galaise de femmes, \u00e0 but non lucratif, \u0153uvrant pour l\u2019autonomisation des femmes par la transformation num\u00e9rique, le plaidoyer pour leur repr\u00e9sentation significative dans les instances de d\u00e9cision, le networking, la promotion des femmes et filles dans les TIC, l\u2019\u00e9galit\u00e9 des genres, les droits humains et la solidarit\u00e9, en toute ind\u00e9pendance politique.<\/p>\n\n\n\n<p><\/p>\n\n\n\n<figure class=\"wp-block-image size-full\"><img loading=\"lazy\" decoding=\"async\" width=\"1510\" height=\"226\" src=\"https:\/\/youthdemocracycohort.com\/wp-content\/uploads\/2025\/08\/DY-Supported-Organisations-Banner-6.png\" alt=\"propuls\u00e9 par DDI soutenu par YDC\" class=\"wp-image-17130\" srcset=\"https:\/\/youthdemocracycohort.com\/wp-content\/uploads\/2025\/08\/DY-Supported-Organisations-Banner-6.png 1510w, https:\/\/youthdemocracycohort.com\/wp-content\/uploads\/2025\/08\/DY-Supported-Organisations-Banner-6-322x48.png 322w, https:\/\/youthdemocracycohort.com\/wp-content\/uploads\/2025\/08\/DY-Supported-Organisations-Banner-6-161x24.png 161w, https:\/\/youthdemocracycohort.com\/wp-content\/uploads\/2025\/08\/DY-Supported-Organisations-Banner-6-768x115.png 768w\" sizes=\"auto, (max-width: 1510px) 100vw, 1510px\" \/><\/figure>\n<\/div>\n\n\n\n<div class=\"wp-block-column is-layout-flow wp-block-column-is-layout-flow\"><\/div>\n\n\n\n<div class=\"wp-block-column is-layout-flow wp-block-column-is-layout-flow\"><\/div>\n<\/div>\n","protected":false},"excerpt":{"rendered":"<p>Le projet Digitalise Youth &#8211; Jeunes acteurs de la d\u00e9mocratie num\u00e9rique est un projet de plaidoyer qui vise \u00e0 renforcer la participation d\u00e9mocratique des jeunes \u00e0 travers la d\u00e9fense de leurs droits num\u00e9riques. Il cherche \u00e0 promouvoir un espace num\u00e9rique ouvert, s\u00fbr et inclusif tout en engageant [&hellip;]<\/p>\n","protected":false},"featured_media":21456,"template":"","meta":{"_acf_changed":false,"inline_featured_image":false,"_monsterinsights_skip_tracking":false,"_monsterinsights_sitenote_active":false,"_monsterinsights_sitenote_note":"","_monsterinsights_sitenote_category":0,"footnotes":""},"story-category":[24],"project-category":[241],"project-region":[315],"story-tag":[32],"class_list":["post-21438","storiesprojects","type-storiesprojects","status-publish","has-post-thumbnail","hentry","story-category-project","project-category-digitalise-youth","project-region-africa","story-tag-digital"],"acf":[],"aioseo_notices":[],"jetpack_sharing_enabled":true,"_links":{"self":[{"href":"https:\/\/youthdemocracycohort.com\/fr\/wp-json\/wp\/v2\/storiesprojects\/21438","targetHints":{"allow":["GET"]}}],"collection":[{"href":"https:\/\/youthdemocracycohort.com\/fr\/wp-json\/wp\/v2\/storiesprojects"}],"about":[{"href":"https:\/\/youthdemocracycohort.com\/fr\/wp-json\/wp\/v2\/types\/storiesprojects"}],"version-history":[{"count":2,"href":"https:\/\/youthdemocracycohort.com\/fr\/wp-json\/wp\/v2\/storiesprojects\/21438\/revisions"}],"predecessor-version":[{"id":21458,"href":"https:\/\/youthdemocracycohort.com\/fr\/wp-json\/wp\/v2\/storiesprojects\/21438\/revisions\/21458"}],"wp:featuredmedia":[{"embeddable":true,"href":"https:\/\/youthdemocracycohort.com\/fr\/wp-json\/wp\/v2\/media\/21456"}],"wp:attachment":[{"href":"https:\/\/youthdemocracycohort.com\/fr\/wp-json\/wp\/v2\/media?parent=21438"}],"wp:term":[{"taxonomy":"story-category","embeddable":true,"href":"https:\/\/youthdemocracycohort.com\/fr\/wp-json\/wp\/v2\/story-category?post=21438"},{"taxonomy":"project-category","embeddable":true,"href":"https:\/\/youthdemocracycohort.com\/fr\/wp-json\/wp\/v2\/project-category?post=21438"},{"taxonomy":"project-region","embeddable":true,"href":"https:\/\/youthdemocracycohort.com\/fr\/wp-json\/wp\/v2\/project-region?post=21438"},{"taxonomy":"story-tag","embeddable":true,"href":"https:\/\/youthdemocracycohort.com\/fr\/wp-json\/wp\/v2\/story-tag?post=21438"}],"curies":[{"name":"wp","href":"https:\/\/api.w.org\/{rel}","templated":true}]}}